{"id":184,"date":"2015-08-27T21:47:54","date_gmt":"2015-08-27T19:47:54","guid":{"rendered":"https:\/\/wp.muchomaas.com\/breve-emmanuel-macron-184\/"},"modified":"2015-08-27T21:47:54","modified_gmt":"2015-08-27T19:47:54","slug":"breve-emmanuel-macron-184","status":"publish","type":"post","link":"https:\/\/archives.regards.fr\/?p=184","title":{"rendered":"Emmanuel Macron"},"content":{"rendered":"<p><em>\u00ab Je compte sur vous pour engager plus d\u2019apprentis. C\u2019est d\u00e9sormais gratuit quand ils sont mineurs. \u00bb <\/em> (Universit\u00e9 d&#8217;\u00e9t\u00e9 du Medef, 79\/08\/2015)<\/p>\n","protected":false},"excerpt":{"rendered":"<p>\u00ab Je compte sur vous pour engager plus d\u2019apprentis. C\u2019est d\u00e9sormais gratuit quand ils sont mineurs. \u00bb (Universit\u00e9 d&#8217;\u00e9t\u00e9 du Medef, 79\/08\/2015)<\/p>\n","protected":false},"author":1,"featured_media":0,"comment_status":"open","ping_status":"open","sticky":false,"template":"","format":"standard","meta":{"_themeisle_gutenberg_block_has_review":false,"footnotes":""},"categories":[284],"tags":[],"class_list":["post-184","post","type-post","status-publish","format-standard","hentry","category-declarama-breves"],"_links":{"self":[{"href":"https:\/\/archives.regards.fr\/index.php?rest_route=\/wp\/v2\/posts\/184","targetHints":{"allow":["GET"]}}],"collection":[{"href":"https:\/\/archives.regards.fr\/index.php?rest_route=\/wp\/v2\/posts"}],"about":[{"href":"https:\/\/archives.regards.fr\/index.php?rest_route=\/wp\/v2\/types\/post"}],"author":[{"embeddable":true,"href":"https:\/\/archives.regards.fr\/index.php?rest_route=\/wp\/v2\/users\/1"}],"replies":[{"embeddable":true,"href":"https:\/\/archives.regards.fr\/index.php?rest_route=%2Fwp%2Fv2%2Fcomments&post=184"}],"version-history":[{"count":0,"href":"https:\/\/archives.regards.fr\/index.php?rest_route=\/wp\/v2\/posts\/184\/revisions"}],"wp:attachment":[{"href":"https:\/\/archives.regards.fr\/index.php?rest_route=%2Fwp%2Fv2%2Fmedia&parent=184"}],"wp:term":[{"taxonomy":"category","embeddable":true,"href":"https:\/\/archives.regards.fr\/index.php?rest_route=%2Fwp%2Fv2%2Fcategories&post=184"},{"taxonomy":"post_tag","embeddable":true,"href":"https:\/\/archives.regards.fr\/index.php?rest_route=%2Fwp%2Fv2%2Ftags&post=184"}],"curies":[{"name":"wp","href":"https:\/\/api.w.org\/{rel}","templated":true}]}}