{"id":183,"date":"2015-08-26T18:01:31","date_gmt":"2015-08-26T16:01:31","guid":{"rendered":"https:\/\/wp.muchomaas.com\/breve-pierre-gattaz-183\/"},"modified":"2015-08-26T18:01:31","modified_gmt":"2015-08-26T16:01:31","slug":"breve-pierre-gattaz-183","status":"publish","type":"post","link":"https:\/\/archives.regards.fr\/?p=183","title":{"rendered":"Pierre Gattaz"},"content":{"rendered":"<p><em>\u00ab\u00a0J&#8217;esp\u00e8re que Manuel Valls et son gouvernement auront le courage de faire les r\u00e9formes sur le Code du travail qui est le fl\u00e9au num\u00e9ro un des patrons fran\u00e7ais. \u00bb<\/em> (Europe 1, 25\/08\/2015)<\/p>\n","protected":false},"excerpt":{"rendered":"<p>\u00ab\u00a0J&#8217;esp\u00e8re que Manuel Valls et son gouvernement auront le courage de faire les r\u00e9formes sur le Code du travail qui est le fl\u00e9au num\u00e9ro un des patrons fran\u00e7ais. \u00bb (Europe 1, 25\/08\/2015)<\/p>\n","protected":false},"author":1,"featured_media":0,"comment_status":"open","ping_status":"open","sticky":false,"template":"","format":"standard","meta":{"_themeisle_gutenberg_block_has_review":false,"footnotes":""},"categories":[284],"tags":[],"class_list":["post-183","post","type-post","status-publish","format-standard","hentry","category-declarama-breves"],"_links":{"self":[{"href":"https:\/\/archives.regards.fr\/index.php?rest_route=\/wp\/v2\/posts\/183","targetHints":{"allow":["GET"]}}],"collection":[{"href":"https:\/\/archives.regards.fr\/index.php?rest_route=\/wp\/v2\/posts"}],"about":[{"href":"https:\/\/archives.regards.fr\/index.php?rest_route=\/wp\/v2\/types\/post"}],"author":[{"embeddable":true,"href":"https:\/\/archives.regards.fr\/index.php?rest_route=\/wp\/v2\/users\/1"}],"replies":[{"embeddable":true,"href":"https:\/\/archives.regards.fr\/index.php?rest_route=%2Fwp%2Fv2%2Fcomments&post=183"}],"version-history":[{"count":0,"href":"https:\/\/archives.regards.fr\/index.php?rest_route=\/wp\/v2\/posts\/183\/revisions"}],"wp:attachment":[{"href":"https:\/\/archives.regards.fr\/index.php?rest_route=%2Fwp%2Fv2%2Fmedia&parent=183"}],"wp:term":[{"taxonomy":"category","embeddable":true,"href":"https:\/\/archives.regards.fr\/index.php?rest_route=%2Fwp%2Fv2%2Fcategories&post=183"},{"taxonomy":"post_tag","embeddable":true,"href":"https:\/\/archives.regards.fr\/index.php?rest_route=%2Fwp%2Fv2%2Ftags&post=183"}],"curies":[{"name":"wp","href":"https:\/\/api.w.org\/{rel}","templated":true}]}}