{"id":1755,"date":"2000-01-01T00:00:00","date_gmt":"1999-12-31T23:00:00","guid":{"rendered":"https:\/\/wp.muchomaas.com\/une-liberte-au-feminin1755\/"},"modified":"2000-01-01T00:00:00","modified_gmt":"1999-12-31T23:00:00","slug":"une-liberte-au-feminin1755","status":"publish","type":"post","link":"https:\/\/archives.regards.fr\/?p=1755","title":{"rendered":"Une libert\u00e9 au f\u00e9minin"},"content":{"rendered":"<p class=\"post_excerpt\"> Entretien avec Mich\u00e8le Riot-Sarcey <\/p>\n<p><strong> L&#8217;\u00e9poque actuelle serait-elle plus favorable aux femmes ? <\/strong><\/p>\n<p><strong> Mich\u00e8le Riot-Sarcey : <\/strong> Aujourd&#8217;hui, la subversion, au sens noble, ne vient pas des milieux politiques. A cet \u00e9gard, ce qui s&#8217;est pass\u00e9 \u00e0 Seattle a \u00e9t\u00e9 tr\u00e8s r\u00e9v\u00e9lateur. Il n&#8217;est plus possible de consid\u00e9rer d&#8217;autres \u00eatres comme \u00e9tant inf\u00e9rieurs, incomplets, inachev\u00e9s. Ce moment est donc favorable aux femmes : \u00e0 chaque fois que quelqu&#8217;un dit &#8220;Cela suffit&#8221;, cela sous-entend : &#8220;J&#8217;exprime la volont\u00e9 de ne plus subir.&#8221;<\/p>\n<p>Les trois quarts des \u00e9tudiants sont form\u00e9s \u00e0 d\u00e9pendre des autres. L&#8217;\u00e9cole a \u00e9t\u00e9 pens\u00e9 dans la d\u00e9pendance. Pour les femmes, c&#8217;est extr\u00eamement difficile. Si l&#8217;homme d\u00e9pend d&#8217;une soci\u00e9t\u00e9 qui est la sienne, tout est fait pour valoriser son succ\u00e8s. La femme, \u00e0 l&#8217;inverse, n&#8217;a pas \u00e0 sa disposition de mod\u00e8le porteur. Elle est \u00e9duqu\u00e9e de telle sorte qu&#8217;elle doit, par exemple, s&#8217;identifier \u00e0 des philosophes qui disent penser dans le neutre, mais qui en d\u00e9finitive pensent dans le masculin. Elle doit par ailleurs avoir un rapport au pass\u00e9 qui la nie elle-m\u00eame comme individu.<\/p>\n<p>Ce conditionnement des \u00e9l\u00e8ves aboutit \u00e0 penser contre soi. C&#8217;est encore plus vrai pour les femmes qui ne peuvent avoir un minimum de rapports valorisants \u00e0 l&#8217;autre. C&#8217;est pourquoi cette mise en cause de la culture traditionnelle est tr\u00e8s salutaire. Elle oblige les \u00e9tudiants \u00e0 consid\u00e9rer de mani\u00e8re critique ce qui a \u00e9t\u00e9 dit, fait et pens\u00e9. Il leur faut envisager d&#8217;autres perspectives et d\u00e9sirer se situer dans le monde. Les dogmes n&#8217;ayant plus cours, la situation me semble bien plus favorable qu&#8217;en 1968, o\u00f9 il \u00e9tait exig\u00e9 de penser comme les autres, surtout pour les femmes&#8230; n<\/p>\n<p>* Enseigne l&#8217;Histoire contemporaine \u00e0 l&#8217;universit\u00e9 Paris VIII de Saint-Denis. Elle vient de publier le R\u00e9el et l&#8217;utopie, Albin Michel.<\/p>\n","protected":false},"excerpt":{"rendered":"<p> Entretien avec Mich\u00e8le Riot-Sarcey <\/p>\n","protected":false},"author":1,"featured_media":0,"comment_status":"open","ping_status":"open","sticky":false,"template":"","format":"standard","meta":{"_themeisle_gutenberg_block_has_review":false,"footnotes":""},"categories":[141],"tags":[306],"class_list":["post-1755","post","type-post","status-publish","format-standard","hentry","category-archives-web","tag-feminisme"],"_links":{"self":[{"href":"https:\/\/archives.regards.fr\/index.php?rest_route=\/wp\/v2\/posts\/1755","targetHints":{"allow":["GET"]}}],"collection":[{"href":"https:\/\/archives.regards.fr\/index.php?rest_route=\/wp\/v2\/posts"}],"about":[{"href":"https:\/\/archives.regards.fr\/index.php?rest_route=\/wp\/v2\/types\/post"}],"author":[{"embeddable":true,"href":"https:\/\/archives.regards.fr\/index.php?rest_route=\/wp\/v2\/users\/1"}],"replies":[{"embeddable":true,"href":"https:\/\/archives.regards.fr\/index.php?rest_route=%2Fwp%2Fv2%2Fcomments&post=1755"}],"version-history":[{"count":0,"href":"https:\/\/archives.regards.fr\/index.php?rest_route=\/wp\/v2\/posts\/1755\/revisions"}],"wp:attachment":[{"href":"https:\/\/archives.regards.fr\/index.php?rest_route=%2Fwp%2Fv2%2Fmedia&parent=1755"}],"wp:term":[{"taxonomy":"category","embeddable":true,"href":"https:\/\/archives.regards.fr\/index.php?rest_route=%2Fwp%2Fv2%2Fcategories&post=1755"},{"taxonomy":"post_tag","embeddable":true,"href":"https:\/\/archives.regards.fr\/index.php?rest_route=%2Fwp%2Fv2%2Ftags&post=1755"}],"curies":[{"name":"wp","href":"https:\/\/api.w.org\/{rel}","templated":true}]}}