{"id":1754,"date":"2000-01-01T00:00:00","date_gmt":"1999-12-31T23:00:00","guid":{"rendered":"https:\/\/wp.muchomaas.com\/les-femmes-ne-doivent-pas-etre-une1754\/"},"modified":"2000-01-01T00:00:00","modified_gmt":"1999-12-31T23:00:00","slug":"les-femmes-ne-doivent-pas-etre-une1754","status":"publish","type":"post","link":"https:\/\/archives.regards.fr\/?p=1754","title":{"rendered":"Les femmes ne doivent pas \u00eatre une esp\u00e8ce prot\u00e9g\u00e9e"},"content":{"rendered":"<p class=\"post_excerpt\"> Entretien avec Josyane Savigneau <\/p>\n<p><strong> O\u00f9 en sommes-nous, sur les droits reconnus aux femmes ? <\/strong><\/p>\n<p><strong> Josyane Savigneau : <\/strong> L&#8217;interruption volontaire de grossesse (IVG) est un droit fondamental qui me semble partout relativement menac\u00e9. Quant \u00e0 la parit\u00e9, sans en \u00eatre une adversaire, c&#8217;est \u00e0 mon sens une mauvaise solution. Faire partie d&#8217;une esp\u00e8ce prot\u00e9g\u00e9e ne me satisfait gu\u00e8re. S&#8217;agissant du mouvement f\u00e9ministe, je supporte difficilement celles que j&#8217;appelle des &#8220;collabo&#8221; et qui prennent le pouvoir afin de l&#8217;exercer comme des hommes. Il me semble que les femmes ont un grave probl\u00e8me avec la libert\u00e9. Simone de Beauvoir l&#8217;a bien montr\u00e9 dans le Deuxi\u00e8me sexe. On le voit des deux c\u00f4t\u00e9s. Bon nombre de f\u00e9ministes sont devenues des harpies puritaines insupportables. J&#8217;ai d\u00fb rompre avec des amies am\u00e9ricaines.<\/p>\n<p><strong> Pour quelles raisons ? <\/strong><\/p>\n<p><strong> Josyane Savigneau : <\/strong> C&#8217;est toute la question du &#8220;politicall correctness&#8221;. Doit-on regarder une exposition de Picasso s&#8217;il donne des femmes une vision contestable ? Cela va jusque l\u00e0. Pour ma part, je n&#8217;ai jamais aim\u00e9 les particularismes ; cette fa\u00e7on de nier les singularit\u00e9s. Je n&#8217;aime pas les r\u00e9partitions du type : les femmes, les lesbiennes, etc. La situation me para\u00eet plus souple en France. Au sein du journal le Monde, il y eut plusieurs phases. Quand je suis entr\u00e9e, il y a vingt ans, de nombreux d\u00e9bats nous agitaient sur la question du viol. La loi Veil avait \u00e9t\u00e9 vot\u00e9e pour une p\u00e9riode probatoire. Nous ne savions pas si elle serait reconductible. Le journal \u00e9tait dirig\u00e9 par des hommes, assez paternalistes mais sympathiques, sur qui on pouvait exercer un semblant de culpabilisation. Quand leurs enfants ont pris le pouvoir, ils ont dit : &#8220;Le probl\u00e8me est r\u00e9solu. Ne nous emmerdez plus avec votre f\u00e9minisme&#8221; Depuis deux ans, le probl\u00e8me sur la parit\u00e9 fait d\u00e9bat. Lors d&#8217;un comit\u00e9 de r\u00e9daction au sein du journal, l&#8217;influence des hommes a \u00e9t\u00e9 record. Il est int\u00e9ressant de voir que ceux-l\u00e0 m\u00eames qui consid\u00e9raient les femmes en bloc, ont d\u00e9couvert entre elles des clivages : certaines sont pour la parit\u00e9, d&#8217;autres, comme moi, s&#8217;y sont r\u00e9sign\u00e9e. Pourquoi ? D&#8217;abord, l&#8217;id\u00e9e de la reproduction \u00e0 l&#8217;infini du couple h\u00e9t\u00e9rosexuel ne me pla\u00eet pas. Que la mixit\u00e9 soit de l&#8217;ordre d&#8217;un homme, une femme, je n&#8217;aime pas beaucoup \u00e7a. Ma r\u00e9signation est donc tactique. Il faut en passer par l\u00e0. Cela dit, si, il y a deux ans, je demeurais profond\u00e9ment pessimiste sur cette soci\u00e9t\u00e9 fran\u00e7aise fin de si\u00e8cle, outrageusement r\u00e9gressive, ce d\u00e9bat m&#8217;a donn\u00e9 un regain d&#8217;optimisme.<\/p>\n<p>Autre point de divergence : la parit\u00e9 fait l&#8217;impasse sur une question essentielle : ce n&#8217;est pas parce qu&#8217;on le d\u00e9cr\u00e8te que les femmes vont entrer en politique. Il y faut du d\u00e9sir mais aussi des moyens. Celles qui ont peu de ressources et des enfants \u00e0 charge, comment les feront-elles garder les soirs de r\u00e9unions ? La parit\u00e9 ressemble \u00e0 un but en soi. Or, elle devrait juste \u00eatre une \u00e9tape n\u00e9cessaire. La Politique des sexes (1998), l&#8217;essai de Sylvia Agacinski, par ailleurs \u00e9pouse de Lionel Jospin, est tr\u00e8s favorable \u00e0 la parit\u00e9. A mon sens, elle soutient trop l&#8217;id\u00e9e que la parit\u00e9 est une panac\u00e9e.<\/p>\n<p>Plus g\u00e9n\u00e9ralement, il est un malentendu fondamental, entre les hommes et les femmes, aussi bien sur le plan priv\u00e9 que sur celui du travail. Nous n&#8217;avons pas la m\u00eame mani\u00e8re de diriger, sauf \u00e0 \u00eatre des &#8220;clones&#8221; d&#8217;hommes. On m&#8217;a fait longtemps reproche sur ma mani\u00e8re de travailler. &#8220;Tu as de beaucoup trop bons rapports avec les gens qui bossent avec toi. Tu n&#8217;es pas l\u00e0 pour \u00eatre populaire.&#8221; On me jugeait trop conviviale. Par bonheur, les choses ont \u00e9volu\u00e9. Mais, imaginons un instant qu&#8217;un homme instaure des relations similaires avec ses collaborateurs, on ne l&#8217;imputerait pas \u00e0 son sexe mais \u00e0 son caract\u00e8re. Ce qui m&#8217;a d\u00e9plu, c&#8217;est d&#8217;\u00eatre toujours li\u00e9e \u00e0 mon sexe. Je pense que les &#8220;clones&#8221; d&#8217;hommes ne sont pas non plus responsables \u00e0 cent pour cent des choses : on leur demande de diriger en oubliant qu&#8217;elles sont des femmes. La fa\u00e7on dont les rapports de force nous ont \u00e9t\u00e9 impos\u00e9s, induit un mod\u00e8le binaire. J&#8217;ai v\u00e9cu l&#8217;\u00e9poque o\u00f9 on virait les hommes de nos r\u00e9unions de femmes&#8230; Mon rep\u00e8re, c&#8217;est qu&#8217;individuellement, on peut sortir de ce mod\u00e8le duel. Mais il faut une bonne dose d&#8217;humour, au travail comme \u00e0 la maison. n<\/p>\n<p>* Responsable des pages litt\u00e9raires du Monde, auteur d&#8217;une remarquable biographie de Marguerite Yourcenar (Fayard).<\/p>\n","protected":false},"excerpt":{"rendered":"<p> Entretien avec Josyane Savigneau <\/p>\n","protected":false},"author":1,"featured_media":0,"comment_status":"open","ping_status":"open","sticky":false,"template":"","format":"standard","meta":{"_themeisle_gutenberg_block_has_review":false,"footnotes":""},"categories":[141],"tags":[306],"class_list":["post-1754","post","type-post","status-publish","format-standard","hentry","category-archives-web","tag-feminisme"],"_links":{"self":[{"href":"https:\/\/archives.regards.fr\/index.php?rest_route=\/wp\/v2\/posts\/1754","targetHints":{"allow":["GET"]}}],"collection":[{"href":"https:\/\/archives.regards.fr\/index.php?rest_route=\/wp\/v2\/posts"}],"about":[{"href":"https:\/\/archives.regards.fr\/index.php?rest_route=\/wp\/v2\/types\/post"}],"author":[{"embeddable":true,"href":"https:\/\/archives.regards.fr\/index.php?rest_route=\/wp\/v2\/users\/1"}],"replies":[{"embeddable":true,"href":"https:\/\/archives.regards.fr\/index.php?rest_route=%2Fwp%2Fv2%2Fcomments&post=1754"}],"version-history":[{"count":0,"href":"https:\/\/archives.regards.fr\/index.php?rest_route=\/wp\/v2\/posts\/1754\/revisions"}],"wp:attachment":[{"href":"https:\/\/archives.regards.fr\/index.php?rest_route=%2Fwp%2Fv2%2Fmedia&parent=1754"}],"wp:term":[{"taxonomy":"category","embeddable":true,"href":"https:\/\/archives.regards.fr\/index.php?rest_route=%2Fwp%2Fv2%2Fcategories&post=1754"},{"taxonomy":"post_tag","embeddable":true,"href":"https:\/\/archives.regards.fr\/index.php?rest_route=%2Fwp%2Fv2%2Ftags&post=1754"}],"curies":[{"name":"wp","href":"https:\/\/api.w.org\/{rel}","templated":true}]}}