{"id":1750,"date":"2000-01-01T00:00:00","date_gmt":"1999-12-31T23:00:00","guid":{"rendered":"https:\/\/wp.muchomaas.com\/le-monde-annonce-des-femmes1750\/"},"modified":"2000-01-01T00:00:00","modified_gmt":"1999-12-31T23:00:00","slug":"le-monde-annonce-des-femmes1750","status":"publish","type":"post","link":"https:\/\/archives.regards.fr\/?p=1750","title":{"rendered":"LE MONDE ANNONCE DES FEMMES"},"content":{"rendered":"<p class=\"post_excerpt\"> A l&#8217;aube de l&#8217;an 2000, recherchant ce qui dans la soci\u00e9t\u00e9 est porteur de lib\u00e9ration humaine, de progr\u00e8s de civilisation pour tous, nous trouvons, une fois de plus, le combat des femmes pour leur \u00e9mancipation. Les femmes mettent \u00e0 l&#8217;ordre du jour \u00abune r\u00e9volution du mode d&#8217;\u00eatre au monde\u00bb, selon la formule de l&#8217;historienne Mich\u00e8le Riot-Sarcey. Aujourd&#8217;hui, en France, \u00e0 quelques jours du 25e anniversaire de la loi Veil, des droits fondamentaux sont en recul et des discriminations se maintiennent, dans la sph\u00e8re sociale et la sph\u00e8re priv\u00e9e. Les femmes sont confront\u00e9es quotidiennement \u00e0 l&#8217;in\u00e9galit\u00e9 devant l&#8217;emploi ou la formation. Elles se retrouvent menac\u00e9es dans leur corps, par le projet officiel de disparition de la gyn\u00e9cologie m\u00e9dicale. Aussi se mobilisent-elles pour leurs droits. Le d\u00e9bat sur la parit\u00e9 qui traverse toute la soci\u00e9t\u00e9, refonde la citoyennet\u00e9 sur une libert\u00e9 au f\u00e9minin. Pour ces raisons et sans doute d&#8217;autres, des femmes et des hommes descendront dans les rues de Paris : \u00e0 l&#8217;initiative du Collectif national des droits des femmes, une manifestation a lieu le samedi 15 janvier 2000 \u00e0 14 heures 30. A la Bastille! <\/p>\n","protected":false},"excerpt":{"rendered":"<p> A l&#8217;aube de l&#8217;an 2000, recherchant ce qui dans la soci\u00e9t\u00e9 est porteur de lib\u00e9ration humaine, de progr\u00e8s de civilisation pour tous, nous trouvons, une fois de plus, le combat des femmes pour leur \u00e9mancipation. Les femmes mettent \u00e0 l&#8217;ordre du jour \u00abune r\u00e9volution du mode d&#8217;\u00eatre au monde\u00bb, selon la formule de l&#8217;historienne Mich\u00e8le Riot-Sarcey. Aujourd&#8217;hui, en France, \u00e0 quelques jours du 25e anniversaire de la loi Veil, des droits fondamentaux sont en recul et des discriminations se maintiennent, dans la sph\u00e8re sociale et la sph\u00e8re priv\u00e9e. Les femmes sont confront\u00e9es quotidiennement \u00e0 l&#8217;in\u00e9galit\u00e9 devant l&#8217;emploi ou la formation. Elles se retrouvent menac\u00e9es dans leur corps, par le projet officiel de disparition de la gyn\u00e9cologie m\u00e9dicale. Aussi se mobilisent-elles pour leurs droits. Le d\u00e9bat sur la parit\u00e9 qui traverse toute la soci\u00e9t\u00e9, refonde la citoyennet\u00e9 sur une libert\u00e9 au f\u00e9minin. Pour ces raisons et sans doute d&#8217;autres, des femmes et des hommes descendront dans les rues de Paris : \u00e0 l&#8217;initiative du Collectif national des droits des femmes, une manifestation a lieu le samedi 15 janvier 2000 \u00e0 14 heures 30. A la Bastille! <\/p>\n","protected":false},"author":1,"featured_media":0,"comment_status":"open","ping_status":"open","sticky":false,"template":"","format":"standard","meta":{"_themeisle_gutenberg_block_has_review":false,"footnotes":""},"categories":[141],"tags":[306],"class_list":["post-1750","post","type-post","status-publish","format-standard","hentry","category-archives-web","tag-feminisme"],"_links":{"self":[{"href":"https:\/\/archives.regards.fr\/index.php?rest_route=\/wp\/v2\/posts\/1750","targetHints":{"allow":["GET"]}}],"collection":[{"href":"https:\/\/archives.regards.fr\/index.php?rest_route=\/wp\/v2\/posts"}],"about":[{"href":"https:\/\/archives.regards.fr\/index.php?rest_route=\/wp\/v2\/types\/post"}],"author":[{"embeddable":true,"href":"https:\/\/archives.regards.fr\/index.php?rest_route=\/wp\/v2\/users\/1"}],"replies":[{"embeddable":true,"href":"https:\/\/archives.regards.fr\/index.php?rest_route=%2Fwp%2Fv2%2Fcomments&post=1750"}],"version-history":[{"count":0,"href":"https:\/\/archives.regards.fr\/index.php?rest_route=\/wp\/v2\/posts\/1750\/revisions"}],"wp:attachment":[{"href":"https:\/\/archives.regards.fr\/index.php?rest_route=%2Fwp%2Fv2%2Fmedia&parent=1750"}],"wp:term":[{"taxonomy":"category","embeddable":true,"href":"https:\/\/archives.regards.fr\/index.php?rest_route=%2Fwp%2Fv2%2Fcategories&post=1750"},{"taxonomy":"post_tag","embeddable":true,"href":"https:\/\/archives.regards.fr\/index.php?rest_route=%2Fwp%2Fv2%2Ftags&post=1750"}],"curies":[{"name":"wp","href":"https:\/\/api.w.org\/{rel}","templated":true}]}}