{"id":172,"date":"2015-07-16T00:13:06","date_gmt":"2015-07-15T22:13:06","guid":{"rendered":"https:\/\/wp.muchomaas.com\/breve-manuel-valls-172\/"},"modified":"2015-07-16T00:13:06","modified_gmt":"2015-07-15T22:13:06","slug":"breve-manuel-valls-172","status":"publish","type":"post","link":"https:\/\/archives.regards.fr\/?p=172","title":{"rendered":"Manuel Valls"},"content":{"rendered":"<p><em>\u00ab\u00a0On peut toujours d\u00e9battre<\/em> [de la d\u00e9p\u00e9nalisation du cannabis],<em> mais pour ce qui concerne le gouvernement, le d\u00e9bat est clos.\u00a0\u00bb<\/em> (France Inter, 13\/07\/2015)<\/p>\n","protected":false},"excerpt":{"rendered":"<p>\u00ab\u00a0On peut toujours d\u00e9battre [de la d\u00e9p\u00e9nalisation du cannabis], mais pour ce qui concerne le gouvernement, le d\u00e9bat est clos.\u00a0\u00bb (France Inter, 13\/07\/2015)<\/p>\n","protected":false},"author":1,"featured_media":0,"comment_status":"open","ping_status":"open","sticky":false,"template":"","format":"standard","meta":{"_themeisle_gutenberg_block_has_review":false,"footnotes":""},"categories":[284],"tags":[],"class_list":["post-172","post","type-post","status-publish","format-standard","hentry","category-declarama-breves"],"_links":{"self":[{"href":"https:\/\/archives.regards.fr\/index.php?rest_route=\/wp\/v2\/posts\/172","targetHints":{"allow":["GET"]}}],"collection":[{"href":"https:\/\/archives.regards.fr\/index.php?rest_route=\/wp\/v2\/posts"}],"about":[{"href":"https:\/\/archives.regards.fr\/index.php?rest_route=\/wp\/v2\/types\/post"}],"author":[{"embeddable":true,"href":"https:\/\/archives.regards.fr\/index.php?rest_route=\/wp\/v2\/users\/1"}],"replies":[{"embeddable":true,"href":"https:\/\/archives.regards.fr\/index.php?rest_route=%2Fwp%2Fv2%2Fcomments&post=172"}],"version-history":[{"count":0,"href":"https:\/\/archives.regards.fr\/index.php?rest_route=\/wp\/v2\/posts\/172\/revisions"}],"wp:attachment":[{"href":"https:\/\/archives.regards.fr\/index.php?rest_route=%2Fwp%2Fv2%2Fmedia&parent=172"}],"wp:term":[{"taxonomy":"category","embeddable":true,"href":"https:\/\/archives.regards.fr\/index.php?rest_route=%2Fwp%2Fv2%2Fcategories&post=172"},{"taxonomy":"post_tag","embeddable":true,"href":"https:\/\/archives.regards.fr\/index.php?rest_route=%2Fwp%2Fv2%2Ftags&post=172"}],"curies":[{"name":"wp","href":"https:\/\/api.w.org\/{rel}","templated":true}]}}