{"id":171,"date":"2015-07-10T17:38:03","date_gmt":"2015-07-10T15:38:03","guid":{"rendered":"https:\/\/wp.muchomaas.com\/breve-nathalie-kosciusko-morizet-171\/"},"modified":"2015-07-10T17:38:03","modified_gmt":"2015-07-10T15:38:03","slug":"breve-nathalie-kosciusko-morizet-171","status":"publish","type":"post","link":"https:\/\/archives.regards.fr\/?p=171","title":{"rendered":"Nathalie Kosciusko-Morizet"},"content":{"rendered":"<p><em>\u00ab\u00a0Il ne faut pas qu&#8217;on soit dans un syst\u00e8me o\u00f9 c&#8217;est celui qui gueule le plus fort qui a gain de cause sur tout. Faut pas que la Gr\u00e8ce devienne la CGT de l&#8217;Europe. \u00bb <\/em> (France Info, 10\/07\/2015)<\/p>\n","protected":false},"excerpt":{"rendered":"<p>\u00ab\u00a0Il ne faut pas qu&#8217;on soit dans un syst\u00e8me o\u00f9 c&#8217;est celui qui gueule le plus fort qui a gain de cause sur tout. Faut pas que la Gr\u00e8ce devienne la CGT de l&#8217;Europe. \u00bb (France Info, 10\/07\/2015)<\/p>\n","protected":false},"author":1,"featured_media":0,"comment_status":"open","ping_status":"open","sticky":false,"template":"","format":"standard","meta":{"_themeisle_gutenberg_block_has_review":false,"footnotes":""},"categories":[284],"tags":[],"class_list":["post-171","post","type-post","status-publish","format-standard","hentry","category-declarama-breves"],"_links":{"self":[{"href":"https:\/\/archives.regards.fr\/index.php?rest_route=\/wp\/v2\/posts\/171","targetHints":{"allow":["GET"]}}],"collection":[{"href":"https:\/\/archives.regards.fr\/index.php?rest_route=\/wp\/v2\/posts"}],"about":[{"href":"https:\/\/archives.regards.fr\/index.php?rest_route=\/wp\/v2\/types\/post"}],"author":[{"embeddable":true,"href":"https:\/\/archives.regards.fr\/index.php?rest_route=\/wp\/v2\/users\/1"}],"replies":[{"embeddable":true,"href":"https:\/\/archives.regards.fr\/index.php?rest_route=%2Fwp%2Fv2%2Fcomments&post=171"}],"version-history":[{"count":0,"href":"https:\/\/archives.regards.fr\/index.php?rest_route=\/wp\/v2\/posts\/171\/revisions"}],"wp:attachment":[{"href":"https:\/\/archives.regards.fr\/index.php?rest_route=%2Fwp%2Fv2%2Fmedia&parent=171"}],"wp:term":[{"taxonomy":"category","embeddable":true,"href":"https:\/\/archives.regards.fr\/index.php?rest_route=%2Fwp%2Fv2%2Fcategories&post=171"},{"taxonomy":"post_tag","embeddable":true,"href":"https:\/\/archives.regards.fr\/index.php?rest_route=%2Fwp%2Fv2%2Ftags&post=171"}],"curies":[{"name":"wp","href":"https:\/\/api.w.org\/{rel}","templated":true}]}}