{"id":170,"date":"2015-07-09T16:53:20","date_gmt":"2015-07-09T14:53:20","guid":{"rendered":"https:\/\/wp.muchomaas.com\/breve-jean-francois-cope-170\/"},"modified":"2015-07-09T16:53:20","modified_gmt":"2015-07-09T14:53:20","slug":"breve-jean-francois-cope-170","status":"publish","type":"post","link":"https:\/\/archives.regards.fr\/?p=170","title":{"rendered":"Jean-Fran\u00e7ois Cop\u00e9"},"content":{"rendered":"<p><em>\u00ab\u00a0Quand je reviendrai sur la sc\u00e8ne publique, \u00e7a sera pour raconter aux Fran\u00e7ais non pas ce que je suis mais surtout dans quel cheminement intellectuel je suis. \u00bb<\/em> (Le Figaro, 09\/07\/2015) <\/p>\n","protected":false},"excerpt":{"rendered":"<p>\u00ab\u00a0Quand je reviendrai sur la sc\u00e8ne publique, \u00e7a sera pour raconter aux Fran\u00e7ais non pas ce que je suis mais surtout dans quel cheminement intellectuel je suis. \u00bb (Le Figaro, 09\/07\/2015)<\/p>\n","protected":false},"author":1,"featured_media":0,"comment_status":"open","ping_status":"open","sticky":false,"template":"","format":"standard","meta":{"_themeisle_gutenberg_block_has_review":false,"footnotes":""},"categories":[284],"tags":[],"class_list":["post-170","post","type-post","status-publish","format-standard","hentry","category-declarama-breves"],"_links":{"self":[{"href":"https:\/\/archives.regards.fr\/index.php?rest_route=\/wp\/v2\/posts\/170","targetHints":{"allow":["GET"]}}],"collection":[{"href":"https:\/\/archives.regards.fr\/index.php?rest_route=\/wp\/v2\/posts"}],"about":[{"href":"https:\/\/archives.regards.fr\/index.php?rest_route=\/wp\/v2\/types\/post"}],"author":[{"embeddable":true,"href":"https:\/\/archives.regards.fr\/index.php?rest_route=\/wp\/v2\/users\/1"}],"replies":[{"embeddable":true,"href":"https:\/\/archives.regards.fr\/index.php?rest_route=%2Fwp%2Fv2%2Fcomments&post=170"}],"version-history":[{"count":0,"href":"https:\/\/archives.regards.fr\/index.php?rest_route=\/wp\/v2\/posts\/170\/revisions"}],"wp:attachment":[{"href":"https:\/\/archives.regards.fr\/index.php?rest_route=%2Fwp%2Fv2%2Fmedia&parent=170"}],"wp:term":[{"taxonomy":"category","embeddable":true,"href":"https:\/\/archives.regards.fr\/index.php?rest_route=%2Fwp%2Fv2%2Fcategories&post=170"},{"taxonomy":"post_tag","embeddable":true,"href":"https:\/\/archives.regards.fr\/index.php?rest_route=%2Fwp%2Fv2%2Ftags&post=170"}],"curies":[{"name":"wp","href":"https:\/\/api.w.org\/{rel}","templated":true}]}}