{"id":1685,"date":"1999-11-01T00:00:00","date_gmt":"1999-10-31T23:00:00","guid":{"rendered":"https:\/\/wp.muchomaas.com\/quand-les-performances1685\/"},"modified":"1999-11-01T00:00:00","modified_gmt":"1999-10-31T23:00:00","slug":"quand-les-performances1685","status":"publish","type":"post","link":"https:\/\/archives.regards.fr\/?p=1685","title":{"rendered":"Quand les performances intellectuelles sont am\u00e9lior\u00e9es par le milieu de vie"},"content":{"rendered":"<p>En 1906, Alfred Binet, sociologue travaillant \u00e0 la Sorbonne pour l&#8217;Education nationale, met au point les tests de quotient intellectuel (QI), dans le but de d\u00e9tecter pr\u00e9cocement des enfants en \u00e9chec scolaire auxquels il faudrait apporter un soutien personnalis\u00e9. Binet lui-m\u00eame met en garde : il ne s&#8217;agit pas de mesure d&#8217;intelligence, toute autre utilisation de cette \u00e9chelle serait ill\u00e9gitime&#8230;<\/p>\n<p>H\u00e9las, d\u00e8s 1911, 1912, les psychologues am\u00e9ricains s&#8217;en servent dans le but de discriminer les groupes ethniques, une tentative r\u00e9guli\u00e8rement renouvel\u00e9e depuis, la derni\u00e8re \u00e9tant le livre la Courbe en cloche publi\u00e9 aux Etats-Unis en 1992 (1). A l&#8217;inverse de ces tendances h\u00e9r\u00e9ditaristes et renouant avec les pr\u00e9occupations de Binet, une \u00e9tude conduite par Michel Duyme et ses coll\u00e8gues de l&#8217;INSERM (U 155) d\u00e9montre que des enfants \u00e2g\u00e9s de 4 \u00e0 6 ans, pr\u00e9sentant un QI faible et vou\u00e9s a priori \u00e0 une &#8220;intelligence&#8221; r\u00e9duite \u00e0 l&#8217;\u00e2ge adulte, peuvent b\u00e9n\u00e9ficier d&#8217;une am\u00e9lioration nette de leurs performances intellectuelles \u00e0 condition d&#8217;\u00e9voluer dans un environnement socio-\u00e9conomique favorable (niveau d&#8217;\u00e9tudes et statut professionnel des parents). Au regard d&#8217;une partie de la soci\u00e9t\u00e9, les enfants en grande difficult\u00e9 intellectuelle laissaient, semble-t-il, peu d&#8217;espoir quant \u00e0 l&#8217;am\u00e9lioration de leurs comp\u00e9tences au cours du temps. Ils \u00e9taient tr\u00e8s vite \u00e9tiquet\u00e9s &#8220;d&#8217;intelligence faible&#8221;.<\/p>\n<p>D&#8217;apr\u00e8s les r\u00e9sultats de l&#8217;\u00e9tude men\u00e9e pendant dix ans, un environnement plus avantag\u00e9 permet au long cours d&#8217;augmenter consid\u00e9rablement les performances intellectuelles d&#8217;enfants perturb\u00e9s au d\u00e9part par des \u00e9pisodes familiaux difficiles (n\u00e9gligence, maltraitance). Plus le niveau socio-\u00e9conomique d&#8217;adoption est \u00e9lev\u00e9, plus le QI est fort chez les jeunes.<\/p>\n<p>L&#8217;ensemble de ces donn\u00e9es montre la possibilit\u00e9 de faire &#8220;basculer&#8221; des situations de retard intellectuel jug\u00e9es auparavant quasi irr\u00e9versibles vers un &#8220;rattrapage&#8221; (au-del\u00e0 de quatre ans, \u00e2ge souvent consid\u00e9r\u00e9 par les sp\u00e9cialistes comme un seuil avant lequel tout se jouait), gr\u00e2ce \u00e0 des facteurs li\u00e9s au milieu de vie, comme une prise en charge attentive de l&#8217;enfant, un investissement familial, une pr\u00e9sence et une aide \u00e9ducative, mat\u00e9rielle&#8230; n J.-C.O.<\/p>\n<p>1. Lire &#8220;Le Racisme \u00e0 l&#8217;\u00e9preuve de la science&#8221;, entretien avec le professeur Axel Kahn dans Regards, janvier 1997.<\/p>\n","protected":false},"excerpt":{"rendered":"<p>En 1906, Alfred Binet, sociologue travaillant \u00e0 la Sorbonne pour l&#8217;Education nationale, met au point les tests de quotient intellectuel (QI), dans le but de d\u00e9tecter pr\u00e9cocement des enfants en \u00e9chec scolaire auxquels il faudrait apporter un soutien personnalis\u00e9. Binet lui-m\u00eame met en garde : il ne s&#8217;agit pas de mesure d&#8217;intelligence, toute autre utilisation [&hellip;]<\/p>\n","protected":false},"author":1,"featured_media":0,"comment_status":"open","ping_status":"open","sticky":false,"template":"","format":"standard","meta":{"_themeisle_gutenberg_block_has_review":false,"footnotes":""},"categories":[141],"tags":[294],"class_list":["post-1685","post","type-post","status-publish","format-standard","hentry","category-archives-web","tag-recherche"],"_links":{"self":[{"href":"https:\/\/archives.regards.fr\/index.php?rest_route=\/wp\/v2\/posts\/1685","targetHints":{"allow":["GET"]}}],"collection":[{"href":"https:\/\/archives.regards.fr\/index.php?rest_route=\/wp\/v2\/posts"}],"about":[{"href":"https:\/\/archives.regards.fr\/index.php?rest_route=\/wp\/v2\/types\/post"}],"author":[{"embeddable":true,"href":"https:\/\/archives.regards.fr\/index.php?rest_route=\/wp\/v2\/users\/1"}],"replies":[{"embeddable":true,"href":"https:\/\/archives.regards.fr\/index.php?rest_route=%2Fwp%2Fv2%2Fcomments&post=1685"}],"version-history":[{"count":0,"href":"https:\/\/archives.regards.fr\/index.php?rest_route=\/wp\/v2\/posts\/1685\/revisions"}],"wp:attachment":[{"href":"https:\/\/archives.regards.fr\/index.php?rest_route=%2Fwp%2Fv2%2Fmedia&parent=1685"}],"wp:term":[{"taxonomy":"category","embeddable":true,"href":"https:\/\/archives.regards.fr\/index.php?rest_route=%2Fwp%2Fv2%2Fcategories&post=1685"},{"taxonomy":"post_tag","embeddable":true,"href":"https:\/\/archives.regards.fr\/index.php?rest_route=%2Fwp%2Fv2%2Ftags&post=1685"}],"curies":[{"name":"wp","href":"https:\/\/api.w.org\/{rel}","templated":true}]}}