{"id":1682,"date":"1999-11-01T00:00:00","date_gmt":"1999-10-31T23:00:00","guid":{"rendered":"https:\/\/wp.muchomaas.com\/signes-particuliers-la-gangrene1682\/"},"modified":"1999-11-01T00:00:00","modified_gmt":"1999-10-31T23:00:00","slug":"signes-particuliers-la-gangrene1682","status":"publish","type":"post","link":"https:\/\/archives.regards.fr\/?p=1682","title":{"rendered":"Signes particuliers, la gangr\u00e8ne"},"content":{"rendered":"<p>Une fois n&#8217;est pas coutume, cette chronique, habituellement assez critique sur le r\u00f4le des m\u00e9dias dans notre soci\u00e9t\u00e9, souligne leur pouvoir d&#8217;interpellation. &#8220;Plan\u00e8te&#8221;, cha\u00eene c\u00e2bl\u00e9e sp\u00e9cialis\u00e9e dans le documentaire, a diffus\u00e9 un reportage assez instructif sur la fa\u00e7on dont les musulmans subissent, en France, certaines discriminations. Celui-ci a \u00e9t\u00e9 r\u00e9alis\u00e9 par des journalistes de la BBC, dont la qualit\u00e9 et l&#8217;ind\u00e9pendance sont souvent cit\u00e9s comme exemple pour la profession. Ce documentaire a \u00e9t\u00e9 r\u00e9alis\u00e9 peu apr\u00e8s ce qui a \u00e9t\u00e9 appel\u00e9 &#8220;l&#8217;affaire Kalkhal&#8221;, du nom du jeune homme, auteur de plusieurs des attentats commis en France \u00e0 cette \u00e9poque et revendiqu\u00e9s &#8220;au nom de l&#8217;Islam&#8221;.<\/p>\n<p>De fa\u00e7on tr\u00e8s crue et tr\u00e8s directe, et sans aucune concession \u00e0 l&#8217;int\u00e9grisme islamique et aux actions criminelles qui sont perp\u00e9tr\u00e9es par cette mouvance, les journalistes britanniques montrent les difficult\u00e9s syst\u00e9matiquement \u00e9prouv\u00e9es par les musulmans fran\u00e7ais ou \u00e9trangers r\u00e9sidant en France. Le catalogue de ce qu&#8217;il faudra bien se r\u00e9soudre \u00e0 appeler une v\u00e9ritable discrimination, est \u00e9pais et bien fourni. Une sc\u00e8ne en particulier retient l&#8217;attention. Le caract\u00e8re scandaleux, le mot est faible, de ce que l&#8217;on y voit, laisse le spectateur pantois.<\/p>\n<p>Un jeune couple musulman vient demander des conseils \u00e0 un libraire, qui, apparemment, tient permanence pour les cas de ce genre. La femme, fran\u00e7aise, se plaint de sa carte nationale d&#8217;identit\u00e9. Quelque chose cloche et lui fait souci. Il y a l\u00e0 une situation dont elle aimerait bien se sortir, et c&#8217;est pour cela qu&#8217;elle est venue demander conseil. Elle tend sa carte d&#8217;identit\u00e9 et la cam\u00e9ra fait un gros plan. L&#8217;image s&#8217;arr\u00eate et l&#8217;on distingue bien la photo, le nom, le pr\u00e9nom, la taille, qui sont les donn\u00e9es habituelles du genre. Mais \u00e0 la ligne &#8220;signes particuliers&#8221; (o\u00f9 habituellement on lit &#8220;n\u00e9ant&#8221;), on peut voir \u00e9crit, en toutes lettres imprim\u00e9es : &#8220;musulman tr\u00e8s pratiquant&#8221;.<\/p>\n<p>Cette mention fait remonter instantan\u00e9ment \u00e0 la surface de la m\u00e9moire, un flot d&#8217;images et de mauvais, tr\u00e8s mauvais, souvenirs. Le regard se brouille et l&#8217;on croit lire tour \u00e0 tour tout ce que les pratiques administratives discriminantes savent d\u00e9poser sur les documents d&#8217;identit\u00e9 afin de pi\u00e9ger, le moment venu, leurs titulaires. Bien au del\u00e0 des clivages habituels, ce &#8220;musulman tr\u00e8s pratiquant&#8221; sonne comme la mention &#8220;juif&#8221; appos\u00e9e en d&#8217;autres temps. Elle ob\u00e9it \u00e0 la m\u00eame logique, qui consiste \u00e0 s\u00e9parer pour mieux d\u00e9signer et, pourquoi pas, saisir. Les bras vous en tombent.<\/p>\n<p>Nous sommes en France, souvent fiers de notre r\u00e9publique, qui parfois donne encore des le\u00e7ons au monde entier. Cette jeune femme, l\u00e0 devant l&#8217;\u00e9cran, impuissante devant le sort qui lui est fait, concentre en une seconde toute la honte que nous pouvons \u00e9prouver devant cette insulte \u00e0 tous nos principes fondamentaux. Et puis, le premier moment d&#8217;\u00e9motion pass\u00e9, on se dit que ce n&#8217;est pas possible, que ce n&#8217;est pas l\u00e9gal. La carte d&#8217;identit\u00e9 en question, ce qui nous est montr\u00e9 en tout cas comme tel, est pourtant bien l\u00e0, sous nos yeux, avec cette mention infamante, non pas que parce que &#8220;musulman&#8221;, ou &#8220;juif&#8221;, ou n&#8217;importe quoi d&#8217;autre de priv\u00e9, serait en soi infamant, bien s\u00fbr, mais parce que cette d\u00e9signation montre du doigt une faille r\u00e9v\u00e9latrice de la gangr\u00e8ne de notre syst\u00e8me.<\/p>\n<p>Le journaliste n&#8217;indique pas dans quelle pr\u00e9fecture cette carte a \u00e9t\u00e9 confectionn\u00e9e, ni quel chef de bureau a sign\u00e9 cette acte inf\u00e2me. On esp\u00e8re de tout coeur que le jeune couple a donn\u00e9 suite, ou a port\u00e9 l&#8217;affaire devant la juridiction comp\u00e9tente. On n&#8217;imagine pas une seconde qu&#8217;un juge ne casse pas cette d\u00e9cision de consid\u00e9rer qu&#8217;une appartenance religieuse priv\u00e9e est devenue un &#8220;signe particulier&#8221; objectif. On n&#8217;imagine pas qu&#8217;un pr\u00e9fet ait maintenu sa d\u00e9l\u00e9gation \u00e0 cet employ\u00e9 si z\u00e9l\u00e9 dans la discrimination et qu&#8217;il n&#8217;y ait pas eu une enqu\u00eate interne suivie de sanctions. Restons optimiste et imaginons que tout cela n&#8217;a \u00e9t\u00e9 qu&#8217;une exception, un mauvais cauchemar local, et que le pr\u00e9judice a \u00e9t\u00e9 r\u00e9par\u00e9. Mais si cela n&#8217;\u00e9tait pas le cas, il serait temps de se r\u00e9veiller : cette &#8220;petite&#8221; affaire administrative locale nous menace tous, car elle atteint les fondements des principes qui font la France. Et, en l&#8217;occurrence, merci \u00e0 la BBC.<\/p>\n","protected":false},"excerpt":{"rendered":"<p>Une fois n&#8217;est pas coutume, cette chronique, habituellement assez critique sur le r\u00f4le des m\u00e9dias dans notre soci\u00e9t\u00e9, souligne leur pouvoir d&#8217;interpellation. &#8220;Plan\u00e8te&#8221;, cha\u00eene c\u00e2bl\u00e9e sp\u00e9cialis\u00e9e dans le documentaire, a diffus\u00e9 un reportage assez instructif sur la fa\u00e7on dont les musulmans subissent, en France, certaines discriminations. Celui-ci a \u00e9t\u00e9 r\u00e9alis\u00e9 par des journalistes de la [&hellip;]<\/p>\n","protected":false},"author":1,"featured_media":0,"comment_status":"open","ping_status":"open","sticky":false,"template":"","format":"standard","meta":{"_themeisle_gutenberg_block_has_review":false,"footnotes":""},"categories":[141],"tags":[287],"class_list":["post-1682","post","type-post","status-publish","format-standard","hentry","category-archives-web","tag-medias"],"_links":{"self":[{"href":"https:\/\/archives.regards.fr\/index.php?rest_route=\/wp\/v2\/posts\/1682","targetHints":{"allow":["GET"]}}],"collection":[{"href":"https:\/\/archives.regards.fr\/index.php?rest_route=\/wp\/v2\/posts"}],"about":[{"href":"https:\/\/archives.regards.fr\/index.php?rest_route=\/wp\/v2\/types\/post"}],"author":[{"embeddable":true,"href":"https:\/\/archives.regards.fr\/index.php?rest_route=\/wp\/v2\/users\/1"}],"replies":[{"embeddable":true,"href":"https:\/\/archives.regards.fr\/index.php?rest_route=%2Fwp%2Fv2%2Fcomments&post=1682"}],"version-history":[{"count":0,"href":"https:\/\/archives.regards.fr\/index.php?rest_route=\/wp\/v2\/posts\/1682\/revisions"}],"wp:attachment":[{"href":"https:\/\/archives.regards.fr\/index.php?rest_route=%2Fwp%2Fv2%2Fmedia&parent=1682"}],"wp:term":[{"taxonomy":"category","embeddable":true,"href":"https:\/\/archives.regards.fr\/index.php?rest_route=%2Fwp%2Fv2%2Fcategories&post=1682"},{"taxonomy":"post_tag","embeddable":true,"href":"https:\/\/archives.regards.fr\/index.php?rest_route=%2Fwp%2Fv2%2Ftags&post=1682"}],"curies":[{"name":"wp","href":"https:\/\/api.w.org\/{rel}","templated":true}]}}