{"id":167,"date":"2015-07-08T00:00:00","date_gmt":"2015-07-07T22:00:00","guid":{"rendered":"https:\/\/wp.muchomaas.com\/breve-emmanuel-macron-167\/"},"modified":"2015-07-08T00:00:00","modified_gmt":"2015-07-07T22:00:00","slug":"breve-emmanuel-macron-167","status":"publish","type":"post","link":"https:\/\/archives.regards.fr\/?p=167","title":{"rendered":"Emmanuel Macron"},"content":{"rendered":"<p><em>\u00ab Il y a dans le processus d\u00e9mocratique et dans son fonctionnement un absent. Dans la politique fran\u00e7aise, cet absent est la figure du roi, dont je pense fondamentalement que le peuple fran\u00e7ais n&#8217;a pas voulu la mort.\u00a0\u00bb<\/em> (Le Point, 08\/07\/2015)<\/p>\n","protected":false},"excerpt":{"rendered":"<p>\u00ab Il y a dans le processus d\u00e9mocratique et dans son fonctionnement un absent. Dans la politique fran\u00e7aise, cet absent est la figure du roi, dont je pense fondamentalement que le peuple fran\u00e7ais n&#8217;a pas voulu la mort.\u00a0\u00bb (Le Point, 08\/07\/2015)<\/p>\n","protected":false},"author":1,"featured_media":0,"comment_status":"open","ping_status":"open","sticky":false,"template":"","format":"standard","meta":{"_themeisle_gutenberg_block_has_review":false,"footnotes":""},"categories":[284],"tags":[],"class_list":["post-167","post","type-post","status-publish","format-standard","hentry","category-declarama-breves"],"_links":{"self":[{"href":"https:\/\/archives.regards.fr\/index.php?rest_route=\/wp\/v2\/posts\/167","targetHints":{"allow":["GET"]}}],"collection":[{"href":"https:\/\/archives.regards.fr\/index.php?rest_route=\/wp\/v2\/posts"}],"about":[{"href":"https:\/\/archives.regards.fr\/index.php?rest_route=\/wp\/v2\/types\/post"}],"author":[{"embeddable":true,"href":"https:\/\/archives.regards.fr\/index.php?rest_route=\/wp\/v2\/users\/1"}],"replies":[{"embeddable":true,"href":"https:\/\/archives.regards.fr\/index.php?rest_route=%2Fwp%2Fv2%2Fcomments&post=167"}],"version-history":[{"count":0,"href":"https:\/\/archives.regards.fr\/index.php?rest_route=\/wp\/v2\/posts\/167\/revisions"}],"wp:attachment":[{"href":"https:\/\/archives.regards.fr\/index.php?rest_route=%2Fwp%2Fv2%2Fmedia&parent=167"}],"wp:term":[{"taxonomy":"category","embeddable":true,"href":"https:\/\/archives.regards.fr\/index.php?rest_route=%2Fwp%2Fv2%2Fcategories&post=167"},{"taxonomy":"post_tag","embeddable":true,"href":"https:\/\/archives.regards.fr\/index.php?rest_route=%2Fwp%2Fv2%2Ftags&post=167"}],"curies":[{"name":"wp","href":"https:\/\/api.w.org\/{rel}","templated":true}]}}