{"id":162,"date":"2015-06-28T14:53:54","date_gmt":"2015-06-28T12:53:54","guid":{"rendered":"https:\/\/wp.muchomaas.com\/breve-manuel-valls-162\/"},"modified":"2015-06-28T14:53:54","modified_gmt":"2015-06-28T12:53:54","slug":"breve-manuel-valls-162","status":"publish","type":"post","link":"https:\/\/archives.regards.fr\/?p=162","title":{"rendered":"Manuel Valls"},"content":{"rendered":"<p><em>\u00ab\u00a0Nous ne pouvons pas perdre cette guerre parce que c&#8217;est au fond une guerre de civilisation. C&#8217;est notre soci\u00e9t\u00e9, notre civilisation, nos valeurs que nous d\u00e9fendons.\u00a0\u00bb <\/em> (Europe 1, 28\/06\/2015)<\/p>\n","protected":false},"excerpt":{"rendered":"<p>\u00ab\u00a0Nous ne pouvons pas perdre cette guerre parce que c&#8217;est au fond une guerre de civilisation. C&#8217;est notre soci\u00e9t\u00e9, notre civilisation, nos valeurs que nous d\u00e9fendons.\u00a0\u00bb (Europe 1, 28\/06\/2015)<\/p>\n","protected":false},"author":1,"featured_media":0,"comment_status":"open","ping_status":"open","sticky":false,"template":"","format":"standard","meta":{"_themeisle_gutenberg_block_has_review":false,"footnotes":""},"categories":[284],"tags":[],"class_list":["post-162","post","type-post","status-publish","format-standard","hentry","category-declarama-breves"],"_links":{"self":[{"href":"https:\/\/archives.regards.fr\/index.php?rest_route=\/wp\/v2\/posts\/162","targetHints":{"allow":["GET"]}}],"collection":[{"href":"https:\/\/archives.regards.fr\/index.php?rest_route=\/wp\/v2\/posts"}],"about":[{"href":"https:\/\/archives.regards.fr\/index.php?rest_route=\/wp\/v2\/types\/post"}],"author":[{"embeddable":true,"href":"https:\/\/archives.regards.fr\/index.php?rest_route=\/wp\/v2\/users\/1"}],"replies":[{"embeddable":true,"href":"https:\/\/archives.regards.fr\/index.php?rest_route=%2Fwp%2Fv2%2Fcomments&post=162"}],"version-history":[{"count":0,"href":"https:\/\/archives.regards.fr\/index.php?rest_route=\/wp\/v2\/posts\/162\/revisions"}],"wp:attachment":[{"href":"https:\/\/archives.regards.fr\/index.php?rest_route=%2Fwp%2Fv2%2Fmedia&parent=162"}],"wp:term":[{"taxonomy":"category","embeddable":true,"href":"https:\/\/archives.regards.fr\/index.php?rest_route=%2Fwp%2Fv2%2Fcategories&post=162"},{"taxonomy":"post_tag","embeddable":true,"href":"https:\/\/archives.regards.fr\/index.php?rest_route=%2Fwp%2Fv2%2Ftags&post=162"}],"curies":[{"name":"wp","href":"https:\/\/api.w.org\/{rel}","templated":true}]}}