{"id":1600,"date":"1999-09-01T00:00:00","date_gmt":"1999-08-31T22:00:00","guid":{"rendered":"https:\/\/wp.muchomaas.com\/des-femmes-enquetent1600\/"},"modified":"1999-09-01T00:00:00","modified_gmt":"1999-08-31T22:00:00","slug":"des-femmes-enquetent1600","status":"publish","type":"post","link":"https:\/\/archives.regards.fr\/?p=1600","title":{"rendered":"Des femmes enqu\u00eatent"},"content":{"rendered":"<p>C&#8217;est le premier ouvrage de la nouvelle collection M\u00e9dialibre lanc\u00e9e par le CFD : Ecole des m\u00e9tiers de l&#8217;information. Un ouvrage qui profite de l&#8217;exp\u00e9rience de l&#8217;Association des femmes journalistes (AFJ) pour mener une enqu\u00eate sur quatre fronts, enqu\u00eate qui nous r\u00e9v\u00e8le le r\u00f4le aggravant des m\u00e9dias dans la discrimination envers les femmes : l&#8217;image des femmes dans les m\u00e9dias, langage et sexisme ordinaire, le journalisme unisexe, les consommatrices de presse.<\/p>\n<p>La pr\u00e9face de Beno\u00eete Groult s&#8217;ouvre \u00e0 l&#8217;ombre d&#8217;une citation de Balzac \u00e9crivant \u00e0 madame Hanska : &#8220;J&#8217;aime beaucoup qu&#8217;une femme \u00e9crive. Mais il faut, comme vous l&#8217;avez fait, qu&#8217;elle br\u00fble ses oeuvres.&#8221; Tout y est. .<\/p>\n<p><strong> Virginie Barr\u00e9,** **Sylvie Debras,** **Natacha Henry,** **Monique Trancart, <\/strong><\/p>\n<p>Dites-le avec des femmes, le sexisme ordinaire dans les m\u00e9dias.,<\/p>\n<p>Ed. M\u00e9dialibre. A commander aupr\u00e8s du <strong> CFD secteur \u00e9dition, <\/strong><\/p>\n<p>7, rue des Petites-Ecuries, 75010 Paris.<\/p>\n<p>En librairies au mois d&#8217;octobre.<\/p>\n","protected":false},"excerpt":{"rendered":"<p>C&#8217;est le premier ouvrage de la nouvelle collection M\u00e9dialibre lanc\u00e9e par le CFD : Ecole des m\u00e9tiers de l&#8217;information. Un ouvrage qui profite de l&#8217;exp\u00e9rience de l&#8217;Association des femmes journalistes (AFJ) pour mener une enqu\u00eate sur quatre fronts, enqu\u00eate qui nous r\u00e9v\u00e8le le r\u00f4le aggravant des m\u00e9dias dans la discrimination envers les femmes : l&#8217;image [&hellip;]<\/p>\n","protected":false},"author":408,"featured_media":0,"comment_status":"open","ping_status":"open","sticky":false,"template":"","format":"standard","meta":{"_themeisle_gutenberg_block_has_review":false,"footnotes":""},"categories":[141],"tags":[306],"class_list":["post-1600","post","type-post","status-publish","format-standard","hentry","category-archives-web","tag-feminisme"],"_links":{"self":[{"href":"https:\/\/archives.regards.fr\/index.php?rest_route=\/wp\/v2\/posts\/1600","targetHints":{"allow":["GET"]}}],"collection":[{"href":"https:\/\/archives.regards.fr\/index.php?rest_route=\/wp\/v2\/posts"}],"about":[{"href":"https:\/\/archives.regards.fr\/index.php?rest_route=\/wp\/v2\/types\/post"}],"author":[{"embeddable":true,"href":"https:\/\/archives.regards.fr\/index.php?rest_route=\/wp\/v2\/users\/408"}],"replies":[{"embeddable":true,"href":"https:\/\/archives.regards.fr\/index.php?rest_route=%2Fwp%2Fv2%2Fcomments&post=1600"}],"version-history":[{"count":0,"href":"https:\/\/archives.regards.fr\/index.php?rest_route=\/wp\/v2\/posts\/1600\/revisions"}],"wp:attachment":[{"href":"https:\/\/archives.regards.fr\/index.php?rest_route=%2Fwp%2Fv2%2Fmedia&parent=1600"}],"wp:term":[{"taxonomy":"category","embeddable":true,"href":"https:\/\/archives.regards.fr\/index.php?rest_route=%2Fwp%2Fv2%2Fcategories&post=1600"},{"taxonomy":"post_tag","embeddable":true,"href":"https:\/\/archives.regards.fr\/index.php?rest_route=%2Fwp%2Fv2%2Ftags&post=1600"}],"curies":[{"name":"wp","href":"https:\/\/api.w.org\/{rel}","templated":true}]}}