{"id":1562,"date":"1999-09-01T00:00:00","date_gmt":"1999-08-31T22:00:00","guid":{"rendered":"https:\/\/wp.muchomaas.com\/un-manque-pour-la-recherche1562\/"},"modified":"1999-09-01T00:00:00","modified_gmt":"1999-08-31T22:00:00","slug":"un-manque-pour-la-recherche1562","status":"publish","type":"post","link":"https:\/\/archives.regards.fr\/?p=1562","title":{"rendered":"Un manque pour la recherche fran\u00e7aise"},"content":{"rendered":"<p class=\"post_excerpt\"> Entretien avec Jean Daillant <\/p>\n<p><strong> Claude All\u00e8gre a d\u00e9cid\u00e9 de cofinancer un synchrotron en Grande-Bretagne (Diamond) et d&#8217;abandonner le projet Soleil. Ce qui provoque un vif \u00e9moi parmi les scientifiques. <\/strong><\/p>\n<p>Quels seraient les cons\u00e9quences pour les chercheurs fran\u00e7ais de l&#8217;abandon du projet Soleil ?<\/p>\n<p><strong> Jean Daillant : <\/strong> Un manque \u00e0 la fois quantitatif et qualitatif en exp\u00e9riences utilisant le rayonnement synchrotron. Quantitatif parce que Soleil \u00e9tait \u00e9tudi\u00e9 pour les besoins fran\u00e7ais alors que les investissements annonc\u00e9s permettent d&#8217;esp\u00e9rer au plus un tiers de Diamond. Qualitatif parce que le domaine des tr\u00e8s basses \u00e9nergies ne sera pas couvert et que certaines exp\u00e9riences ne seront pas possibles (concernant le retraitement des d\u00e9chets nucl\u00e9aires, par exemple, n\u00e9cessitant une &#8220;ligne chaude&#8221;).<\/p>\n<p>Cela aurait-il forc\u00e9ment des cons\u00e9quences n\u00e9fastes sur le potentiel scientifique en France et plus g\u00e9n\u00e9ralement sur la recherche ?<\/p>\n<p><strong> Jean Daillant : <\/strong> Je ne citerai que les trois cons\u00e9quences qui me paraissent les plus n\u00e9fastes. Un centre de rayonnement synchrotron national est un lieu de rencontres entre chercheurs (environ 2000 utilisateurs au LURE) et un outil commun au service des laboratoires ; cela ne sera plus possible. L&#8217;abandon des comp\u00e9tences nationales dans le domaine du rayonnement synchrotron ne permettra plus de collaborations internationales \u00e9quilibr\u00e9es. Qu&#8217;adviendra-t-il de projets ambitieux, type g\u00e9nop\u00f4le d&#8217;Evry, si les outils ne sont plus l\u00e0 ?<\/p>\n<p>Ne peut-on imaginer que ces cr\u00e9dits soient mieux utilis\u00e9s dans d&#8217;autres projets scientifiques ?<\/p>\n<p><strong> Jean Daillant : <\/strong> Il est tr\u00e8s difficile de r\u00e9pondre, mais je vous rappelle que :<\/p>\n<p>* Directeur-adjoint du LURE \u00e0 Orsay.<\/p>\n<p>1. Les chiffrages s\u00e9rieux montrent que la participation \u00e0 Diamond avec la prolongation n\u00e9cessaire du LURE dans ce cas ne co\u00fbtera pas moins cher \u00e0 la France2. Ce r\u00f4le de laboratoire commun au service des autres en fait un formidable outil dans des domaines tr\u00e8s vari\u00e9s (physique, biologie, chimie, sciences de la terre, industrie&#8230;) n<\/p>\n","protected":false},"excerpt":{"rendered":"<p> Entretien avec Jean Daillant <\/p>\n","protected":false},"author":1,"featured_media":0,"comment_status":"open","ping_status":"open","sticky":false,"template":"","format":"standard","meta":{"_themeisle_gutenberg_block_has_review":false,"footnotes":""},"categories":[141],"tags":[294],"class_list":["post-1562","post","type-post","status-publish","format-standard","hentry","category-archives-web","tag-recherche"],"_links":{"self":[{"href":"https:\/\/archives.regards.fr\/index.php?rest_route=\/wp\/v2\/posts\/1562","targetHints":{"allow":["GET"]}}],"collection":[{"href":"https:\/\/archives.regards.fr\/index.php?rest_route=\/wp\/v2\/posts"}],"about":[{"href":"https:\/\/archives.regards.fr\/index.php?rest_route=\/wp\/v2\/types\/post"}],"author":[{"embeddable":true,"href":"https:\/\/archives.regards.fr\/index.php?rest_route=\/wp\/v2\/users\/1"}],"replies":[{"embeddable":true,"href":"https:\/\/archives.regards.fr\/index.php?rest_route=%2Fwp%2Fv2%2Fcomments&post=1562"}],"version-history":[{"count":0,"href":"https:\/\/archives.regards.fr\/index.php?rest_route=\/wp\/v2\/posts\/1562\/revisions"}],"wp:attachment":[{"href":"https:\/\/archives.regards.fr\/index.php?rest_route=%2Fwp%2Fv2%2Fmedia&parent=1562"}],"wp:term":[{"taxonomy":"category","embeddable":true,"href":"https:\/\/archives.regards.fr\/index.php?rest_route=%2Fwp%2Fv2%2Fcategories&post=1562"},{"taxonomy":"post_tag","embeddable":true,"href":"https:\/\/archives.regards.fr\/index.php?rest_route=%2Fwp%2Fv2%2Ftags&post=1562"}],"curies":[{"name":"wp","href":"https:\/\/api.w.org\/{rel}","templated":true}]}}