{"id":1556,"date":"1999-07-01T00:00:00","date_gmt":"1999-06-30T22:00:00","guid":{"rendered":"https:\/\/wp.muchomaas.com\/la-resistance-sera-planetaire1556\/"},"modified":"1999-07-01T00:00:00","modified_gmt":"1999-06-30T22:00:00","slug":"la-resistance-sera-planetaire1556","status":"publish","type":"post","link":"https:\/\/archives.regards.fr\/?p=1556","title":{"rendered":"La r\u00e9sistance sera plan\u00e9taire"},"content":{"rendered":"<p class=\"post_excerpt\"> Voir aussi <\/p>\n<p>Nouvelle strat\u00e9gie de l&#8217;OTAN quels enjeux \u00e9conomiques ?<strong> Refusons le faux dilemme entre le pr\u00e9tendu universalisme &#8220;occidental&#8221; et le culte born\u00e9 des diff\u00e9rences culturelles : ou, en Europe, entre l&#8217;unit\u00e9 capitaliste\/marchande supranationale et le repli nationaliste sur les &#8220;patries&#8221; existantes. Ou encore, au Kosovo, entre l&#8217;interventionnisme atlantiste, dont les buts &#8220;humanitaires&#8221; cachent : mal : les objectifs de pouvoir (transformation de l&#8217;OTAN en gendarme international &#8220;cr\u00e9dible&#8221;) et la politique de &#8220;purification ethnique&#8221; de Slobodan Milosevic. <\/strong><\/p>\n<p>Contrairement \u00e0 ce que pr\u00e9tendent les id\u00e9ologues n\u00e9o-lib\u00e9raux, la globalisation capitaliste ne contribue pas \u00e0 cr\u00e9er un &#8220;nouvel ordre mondial&#8221; pacifique et harmonieux. Bien au contraire. Elle nourrit les paniques identitaires et les nationalismes tribaux. La fausse universalit\u00e9 du march\u00e9 mondial d\u00e9cha\u00eene les particularismes et durcit les x\u00e9nophobies : le cosmopolitisme marchand du capital et les pulsions identitaires agressives s&#8217;entretiennent mutuellement (1).<\/p>\n<p><strong> Faux universalisme <\/strong><\/p>\n<p>Le faux universalisme imp\u00e9rial pr\u00e9tend imposer \u00e0 tous les peuples du monde et, notamment, \u00e0 ceux de la p\u00e9riph\u00e9rie, sous couleur de &#8220;civilisation&#8221;, la domination du mode de vie bourgeois\/industriel moderne : la propri\u00e9t\u00e9 priv\u00e9e, l&#8217;\u00e9conomie de march\u00e9, l&#8217;expansion \u00e9conomique illimit\u00e9e, le productivisme, l&#8217;utilitarisme, l&#8217;individualisme possessif. En r\u00e9action \u00e0 cette globalisation capitaliste, on assiste, dans beaucoup de r\u00e9gions du monde, \u00e0 l&#8217;essor de mouvements &#8220;anti-occidentaux&#8221;, nationalistes, int\u00e9gristes, r\u00e9gressifs et antid\u00e9mocratiques.<\/p>\n<p><strong> Solidarit\u00e9 des salari\u00e9s <\/strong><\/p>\n<p>Il ne s&#8217;agit pas de choisir entre ces deux formes de l&#8217;inhumanit\u00e9, mais d&#8217;opposer aux unes et aux autres une universalit\u00e9 humaine authentique.Force est de constater que, face \u00e0 l&#8217;unification r\u00e9gionale : l&#8217;Europe : ou mondiale du grand capital, celle de ses adversaires marque le pas. Si, au XIXe si\u00e8cle, les secteurs les plus conscients du mouvement ouvrier, organis\u00e9s dans les internationales, \u00e9taient en avance sur la bourgeoisie, aujourd&#8217;hui ils sont dramatiquement en retard sur celle-ci. Jamais la n\u00e9cessit\u00e9 de l&#8217;association, de la coordination, de l&#8217;action commune internationale : du point de vue syndical, autour de revendications communes, et du point de vue du combat pour le socialisme : n&#8217;a gu\u00e8re \u00e9t\u00e9 aussi urgente, et jamais elle n&#8217;a \u00e9t\u00e9 aussi faible, fragile et pr\u00e9caire.<\/p>\n<p><strong> L&#8217;horreur \u00e9conomique <\/strong><\/p>\n<p>Cela ne veut pas dire que le mouvement pour un changement social radical ne doive commencer dans une, ou quelques nations, ou que les mouvements de lib\u00e9ration nationale ne soient pas l\u00e9gitimes. Mais les luttes contemporaines sont, \u00e0 un degr\u00e9 sans pr\u00e9c\u00e9dent, interd\u00e9pendantes, d&#8217;un bout de la plan\u00e8te \u00e0 l&#8217;autre. La seule r\u00e9ponse rationnelle et efficace au chantage capitaliste \u00e0 la d\u00e9localisation et \u00e0 la &#8220;comp\u00e9titivit\u00e9&#8221; : il faut baisser les salaires et les &#8220;charges&#8221; \u00e0 Paris pour pouvoir concurrencer les produits de Bangkok : c&#8217;est la solidarit\u00e9 internationale organis\u00e9e et effective des salari\u00e9s.<\/p>\n<p>L&#8217;ennemi commun est facile \u00e0 identifier : la mondialisation capitaliste, les march\u00e9s financiers, le grand capital transnational et ses institutions : le FMI, la Banque mondiale, l&#8217;OMC, l&#8217;OCDE, le G7, ainsi que les politiques n\u00e9o-lib\u00e9rales et les trait\u00e9s libre-\u00e9changistes comme l&#8217;ALENA en Am\u00e9rique du Nord, Maastricht, Amsterdam, l&#8217;AMI et ses clones. Ce sont eux les responsables de l&#8217;horreur \u00e9conomique : la croissance vertigineuse du ch\u00f4mage et de l&#8217;exclusion, les in\u00e9galit\u00e9s de plus en plus criantes, l&#8217;endettement des pays pauvres, le d\u00e9mant\u00e8lement des services publics et de la s\u00e9curit\u00e9 sociale, le pillage et la contamination de l&#8217;environnement. Le besoin d&#8217;un r\u00e9seau de r\u00e9flexion et de lutte, d&#8217;une sorte d'&#8221;internationale de la R\u00e9sistance&#8221; contre le nouvel ordre mondial, se fait sentir de plus en plus.<\/p>\n<p>Des initiatives de coordination internationale se sont multipli\u00e9es ces derni\u00e8res ann\u00e9es. Mentionnons, parmi beaucoup : le Forum pour une alternative \u00e9conomique, lanc\u00e9 \u00e0 l&#8217;initiative de Samir Amin ; la Conf\u00e9rence des peuples contre le libre \u00e9change et l&#8217;OMC, de Gen\u00e8ve ; l&#8217;association internationale Attac (Action pour une taxe Tobin d&#8217;aide aux citoyens contre la sp\u00e9culation sur les march\u00e9s financiers), cr\u00e9\u00e9e par le journal le Monde diplomatique ; le Comit\u00e9 pour l&#8217;abolition de la dette du tiers monde, de Bruxelles ; le r\u00e9seau Espaces Marx international, constitu\u00e9 \u00e0 la suite de la grande Rencontre internationale pour le 150e anniversaire du Manifeste communiste \u00e0 Paris.<\/p>\n<p><strong> Intellectuels critiques <\/strong><\/p>\n<p>Les intellectuels critiques ont un r\u00f4le \u00e0 jouer dans cette recherche. Dans son livre de 1993, Spectres de Marx, Jacques Derrida d\u00e9non\u00e7ait le &#8220;nouvel ordre international&#8221; : &#8220;jamais la violence, l&#8217;in\u00e9galit\u00e9, l&#8217;exclusion, la famine et donc l&#8217;oppression \u00e9conomique n&#8217;ont affect\u00e9 autant d&#8217;\u00eatres humains, dans l&#8217;histoire de la terre et de l&#8217;humanit\u00e9&#8221; : et attirait l&#8217;attention sur le processus de gestation d&#8217;une r\u00e9sistance internationale : &#8220;La \u00abnouvelle internationale\u00bb, ce n&#8217;est pas seulement ce qui cherche un nouveau droit international \u00e0 travers ces crimes. C&#8217;est un lien d&#8217;affinit\u00e9, de souffrance et d&#8217;esp\u00e9rance, un lien encore discret, presque secret, comme autour de 1848, mais de plus en plus visible : on en a plus d&#8217;un signe. C&#8217;est un lien intempestif et sans statut, sans titre et sans nom, \u00e0 peine public m\u00eame s&#8217;il n&#8217;est pas clandestin, sans contrat, \u00about of joint\u00bb, sans coordination, sans parti, sans patrie, sans communaut\u00e9 internationale (internationale avant, \u00e0 travers et au-del\u00e0 de toute d\u00e9termination nationale) sans co-citoyennet\u00e9, sans appartenance commune \u00e0 une classe&#8221; (2). Plus r\u00e9cemment, Pierre Bourdieu, dans une conf\u00e9rence aux syndicalistes allemands de la DGB, lan\u00e7ait un appel \u00e0 un &#8220;nouvel internationalisme, au niveau syndical, intellectuel et populaire&#8221;, inspir\u00e9 par la &#8220;volont\u00e9 de rompre avec le fatalisme de la pens\u00e9e n\u00e9o-lib\u00e9rale&#8221; (3).<\/p>\n<p>Le renouveau de l&#8217;internationalisme s&#8217;appuie tout d&#8217;abord sur les courants critiques du mouvement ouvrier et socialiste. Mais de nouvelles sensibilit\u00e9s internationalistes apparaissent aussi dans des mouvements sociaux \u00e0 vocation plan\u00e9taire, comme le f\u00e9minisme et l&#8217;\u00e9cologie, dans des mouvements antiracistes, dans la th\u00e9ologie de la lib\u00e9ration, dans des associations de d\u00e9fense des droits de l&#8217;Homme ou en solidarit\u00e9 avec le tiers monde.<\/p>\n<p><strong> Diff\u00e9rentes tendances <\/strong><\/p>\n<p>Un \u00e9chantillon des repr\u00e9sentants les plus actifs de ces diff\u00e9rentes tendances, venu aussi bien du Nord que du Sud de la plan\u00e8te, de la gauche radicale ou des mouvements sociaux, s&#8217;est rassembl\u00e9, dans un esprit unitaire et fraternel, au sein de la Conf\u00e9rence intergalactique pour l&#8217;humanit\u00e9 et contre le n\u00e9o-lib\u00e9ralisme, convoqu\u00e9e, dans les montagnes du Chiapas, au Mexique, en juillet 1996, par l&#8217;Arm\u00e9e zapatiste de lib\u00e9ration nationale : un mouvement r\u00e9volutionnaire qui a su combiner, de fa\u00e7on originale et r\u00e9ussie, le local, les luttes indig\u00e8nes du Chiapas, le national, le combat pour la d\u00e9mocratie au Mexique, et l&#8217;international, la lutte mondiale contre le n\u00e9o-lib\u00e9ralisme. Il s&#8217;agit d&#8217;un premier pas, encore modeste, mais dans la bonne direction : la reconstruction de la solidarit\u00e9 internationale. n M.L.<\/p>\n<p>1. Je reprends \u00e0 mon compte les analyses de Daniel Bensa\u00efd dans son remarquable livre le Pari m\u00e9lancolique, Paris, Fayard, 1997.<\/p>\n<p>2. Jacques Derrida, Spectres de Marx, Paris, Galil\u00e9e, 1993, pp. 141-142.<\/p>\n<p>3. Pierre Bourdieu, Contre-feux, Paris, Liber-Raisons d&#8217;agir, 1998, pp. 71-74.<\/p>\n","protected":false},"excerpt":{"rendered":"<p> Voir aussi <\/p>\n","protected":false},"author":1,"featured_media":0,"comment_status":"open","ping_status":"open","sticky":false,"template":"","format":"standard","meta":{"_themeisle_gutenberg_block_has_review":false,"footnotes":""},"categories":[141],"tags":[301],"class_list":["post-1556","post","type-post","status-publish","format-standard","hentry","category-archives-web","tag-relations-internationales"],"_links":{"self":[{"href":"https:\/\/archives.regards.fr\/index.php?rest_route=\/wp\/v2\/posts\/1556","targetHints":{"allow":["GET"]}}],"collection":[{"href":"https:\/\/archives.regards.fr\/index.php?rest_route=\/wp\/v2\/posts"}],"about":[{"href":"https:\/\/archives.regards.fr\/index.php?rest_route=\/wp\/v2\/types\/post"}],"author":[{"embeddable":true,"href":"https:\/\/archives.regards.fr\/index.php?rest_route=\/wp\/v2\/users\/1"}],"replies":[{"embeddable":true,"href":"https:\/\/archives.regards.fr\/index.php?rest_route=%2Fwp%2Fv2%2Fcomments&post=1556"}],"version-history":[{"count":0,"href":"https:\/\/archives.regards.fr\/index.php?rest_route=\/wp\/v2\/posts\/1556\/revisions"}],"wp:attachment":[{"href":"https:\/\/archives.regards.fr\/index.php?rest_route=%2Fwp%2Fv2%2Fmedia&parent=1556"}],"wp:term":[{"taxonomy":"category","embeddable":true,"href":"https:\/\/archives.regards.fr\/index.php?rest_route=%2Fwp%2Fv2%2Fcategories&post=1556"},{"taxonomy":"post_tag","embeddable":true,"href":"https:\/\/archives.regards.fr\/index.php?rest_route=%2Fwp%2Fv2%2Ftags&post=1556"}],"curies":[{"name":"wp","href":"https:\/\/api.w.org\/{rel}","templated":true}]}}