{"id":1541,"date":"1999-07-01T00:00:00","date_gmt":"1999-06-30T22:00:00","guid":{"rendered":"https:\/\/wp.muchomaas.com\/une-symphonie-de-festivals1541\/"},"modified":"1999-07-01T00:00:00","modified_gmt":"1999-06-30T22:00:00","slug":"une-symphonie-de-festivals1541","status":"publish","type":"post","link":"https:\/\/archives.regards.fr\/?p=1541","title":{"rendered":"Une symphonie de festivals"},"content":{"rendered":"<p class=\"post_excerpt\"> L&#8217;\u00e9t\u00e9, la France se transforme en un festival culturel. De musique, il y en a plusieurs centaines, grands et petits, r\u00e9put\u00e9s et moins connus. De jazz ou de rock, de musiques traditionnelles ou classiques, contemporaines ou actuelles, urbaines ou bucoliques. En plein air ou en salle. Pour tous les go\u00fbts et toutes les bourses. Voici trois d&#8217;entre eux, du plus correct au plus d\u00e9cal\u00e9 (1). <\/p>\n<p><strong> LES VOIX DE LA PASSION <\/strong><\/p>\n<p>Les cinq op\u00e9ras qui sont, cet \u00e9t\u00e9, sur la sc\u00e8ne du palais de l&#8217;Ancien Archev\u00each\u00e9 d&#8217;Aix-en-Provence, inventent chacun une histoire d&#8217;amour : l&#8217;Incoronazione di Poppea, de Claudio Monteverdi, s&#8217;ouvre sur un d\u00e9bat anim\u00e9. Fortune, Vertu et Amour se disputent le monde. Chacun \u00e0 tour de r\u00f4le tente d&#8217;affirmer sa pr\u00e9\u00e9minence mais il suffit qu&#8217;Amour paraisse pour \u00eatre d\u00e9clar\u00e9 vainqueur. Amour qui sauvera Popp\u00e9e des mains de son ancien amant et la fera imp\u00e9ratrice.<\/p>\n<p><strong> L&#8217;amour \u00e0 Aix <\/strong><\/p>\n<p>Minerve \u00e9tait vertueuse, Junon \u00e9tait fortun\u00e9e, mais V\u00e9nus \u00e9tait aimable et Paris choisit V\u00e9nus et la Belle H\u00e9l\u00e8ne (de Jacques Offenbach) s&#8217;offrit \u00e0 lui. L&#8217;enl\u00e8vement d&#8217;H\u00e9l\u00e8ne, reine de Sparte par P\u00e2ris, fils de Priam, fut le pr\u00e9texte d&#8217;une guerre sanglante qui mit fin \u00e0 un empire. La guerre et l&#8217;amour ne se sont jamais si bien m\u00eal\u00e9s qu&#8217;en musique. Ce n&#8217;est pas sans \u00e9voquer les affres de la guerre amoureuse, celle qu&#8217;un Don Juan livre quand, dans la fureur, il d\u00e9laisse Donna Elvira et assassine son p\u00e8re. Passion, jalousie, souffrance, d\u00e9votion, sensualit\u00e9 : l&#8217;amour qui, par sa force surnaturelle, soul\u00e8ve les sentiments les plus nobles, est toujours vainqueur chez Claudio Monteverdi, Wolfgang Amadeus Mozart et Jacques Offenbach.<\/p>\n<p><strong> Festival international d&#8217;Art lyrique d&#8217;Aix-en-Provence <\/strong><\/p>\n<p>Palais de l&#8217;ancien Archev\u00each\u00e9 13100 Aix-en-Provence T\u00e9l : 04 42 17 34 34<\/p>\n<p><strong> AVENTURES SOUS LA FEUILLE D&#8217;ACANTHE <\/strong><\/p>\n<p>Il y eut, juste apr\u00e8s la Premi\u00e8re Guerre mondiale, en Allemagne, l&#8217;aventure fascinante du Bauhaus qui, huit d\u00e9cennies apr\u00e8s, demeure dans les m\u00e9moires. Il y eut, juste apr\u00e8s la Seconde Guerre, dans cette Allemagne sortant des ravages du nazisme, l&#8217;installation estivale des grands musiciens de notre temps \u00e0 Darmstadt. Il y a aujourd&#8217;hui, et depuis plus de vingt ans, du c\u00f4t\u00e9 de cette Provence o\u00f9 les festivals acad\u00e9miques poussent comme des champignons, un haut lieu, lui aussi consacr\u00e9 \u00e0 la cr\u00e9ation de musique contemporaine et r\u00e9solument investi dans l&#8217;avant-garde : le Centre Acanthes install\u00e9 \u00e0 la Chartreuse de Villeneuve-lez-Avignon. Lanc\u00e9 au Festival d&#8217;Aix-en-Provence, il est associ\u00e9, depuis 1987, au Festival d&#8217;Avignon. La vocation premi\u00e8re du Centre Acanthes est p\u00e9dagogique, les stagiaires (compositeurs, interpr\u00e8tes, musicologues, enseignants) venant du monde entier sont de jeunes professionnels. Son originalit\u00e9 est de concentrer son activit\u00e9 autour des compositeurs majeurs de notre temps, diff\u00e9rents \u00e0 chacune des sessions.<\/p>\n<p><strong> Le son d&#8217;Avignon <\/strong><\/p>\n<p>Helmut Lachenmann (n\u00e9 en 1935 \u00e0 Stuttgart) est le compositeur invit\u00e9 du Centre Acanthes pour sa vingt-troisi\u00e8me \u00e9dition. Le compositeur allemand qui a toujours eu un rapport particulier au mat\u00e9riau fondant sa musique, la plus riche et la plus haletante de ce si\u00e8cle, fut d&#8217;abord l&#8217;\u00e9l\u00e8ve de Luigi Nono \u00e0 Venise (1958-1960). Puis, il suit les cours de Karlheinz Stockhausen \u00e0 Cologne, et fait une courte halte en Belgique, au studio d&#8217;\u00e9lectronique de Gand. Apr\u00e8s ces exp\u00e9riences, il commence de composer pos\u00e9ment des oeuvres o\u00f9 il fait une synth\u00e8se critique des diff\u00e9rents courants esth\u00e9tiques des ann\u00e9es 60-70 : post s\u00e9riel, exp\u00e9rimental, al\u00e9atoire. S&#8217;y grefferont ensuite ses recherches sur les bruits et les sons d\u00e9form\u00e9s. Ainsi s&#8217;\u00e9labore sa conception du mat\u00e9riau pour d\u00e9couvrir un mode d&#8217;expression qui s&#8217;oppose radicalement \u00e0 ce qui est en usage. TemA (1968), pour fl\u00fbte, voix et violoncelle et Gran Torso (1971-1976), pour quatuor \u00e0 cordes repr\u00e9sentent en quelque sorte un aboutissement o\u00f9 le compositeur, lamin\u00e9 par le poids de l&#8217;histoire, va rejeter le concept de la beaut\u00e9.<\/p>\n<p>Dans Mouvement, pour ensemble, il \u00e9voque en l&#8217;occurrence les techniques de jeux d\u00e9natur\u00e9s et autres transformations de sons et de rythmes. Cette fuite vers l&#8217;exotisme de l&#8217;\u00e9trange am\u00e8nera \u00e9galement Helmut Lachenmann dans Dal niente (1970) de voiler la brillance d&#8217;une oeuvre pour soliste. &#8220;S&#8217;il s&#8217;agit de casser, de d\u00e9truire quelque chose, c&#8217;est pour mieux voir ce qu&#8217;elle rec\u00e8le en nous-m\u00eames pour la d\u00e9livrer, peut-\u00eatre pour nous d\u00e9livrer.&#8221; La volont\u00e9 consciente qui anime le compositeur de mettre en oeuvre une non-musique, loin d&#8217;\u00eatre une absurdit\u00e9, nous renvoie \u00e0 cette id\u00e9e qu&#8217;un champ de ruines devient aussi un champ de force.<\/p>\n<p>Centre Acanthes \u00e0 la Chartreuse de Villeneuve-lez-Avignon<\/p>\n<p>30400 Villeneuve-lez-Avignon T\u00e9l : 04 90 15 24 02<\/p>\n<p>DECALE, MIXE<\/p>\n<p>Le Th\u00e9\u00e2tre Antique d&#8217;Arles propose aux m\u00e9lomanes curieux un vaste programme de musique et de danse o\u00f9 se concoctent des m\u00e9langes apparemment contre nature. Ces valses incontr\u00f4lables de vocabulaire musical rend le Festival MIMI (Mouvement International des Musiques Innovatrices) original et atypique. Car le directeur de l&#8217;AMI (Aide aux Musiques Innovatrices), Ferdinand Richard, joue l&#8217;audace des genres et des styles qui se confrontent. Sous les vibrations ouralo-atla\u00efques, c&#8217;est la rencontre du groupe Nekropsi (Turquie) qui veut renverser des perspectives fondamentales sur l&#8217;histoire et la g\u00e9ographie du rock, incarnant ainsi pleinement un renouveau musical turc.<\/p>\n<p><strong> L&#8217;AMI, c&#8217;est MIMI <\/strong><\/p>\n<p>C&#8217;est dans la recherche des voies nouvelles qui assument le double h\u00e9ritage de l&#8217;Afrique et de sa modernit\u00e9 que se situe la Compagnie Gaara, premi\u00e8re compagnie de danse contemporaineau Kenya, cr\u00e9\u00e9e en 1997. Percussions, chants, tambourins et vielle \u00e0 roue : tels sont encore les instruments du groupe marseillais Dupain qui d\u00e9fend une musique associant tr\u00e8s judicieusement des chants et des th\u00e8mes du XIXe si\u00e8cle (mouvement ouvrier, textes sociaux en occitan) \u00e0 des s\u00e9quenceurs et bo\u00eetes \u00e0 rythmes. Est \u00e9galement invit\u00e9 le g\u00e9nie excentrique de Moondog (longtemps rev\u00eatu d&#8217;un costume de Viking) qui s&#8217;inscrit parmi les grands compositeurs classiques minimalistes et dont les m\u00e9lodies na\u00efves et m\u00e9lancoliques sont tir\u00e9es des rythmes de la musique des Indiens d&#8217;Am\u00e9rique du Nord. Nuit crash, nuit Afrique frichiste, nuit quasi-pataphysique, nuit des ballades ou encore nuit paranormale, les soir\u00e9es du Festival MIMI qui s&#8217;inspirent d&#8217;un style boh\u00e8me, sont hautement d\u00e9cal\u00e9es.<\/p>\n<p><strong> Festival MIMI 99, <\/strong><\/p>\n<p>du 27 juillet au 1er ao\u00fbt au Th\u00e9\u00e2tre Antique d&#8217;Arles, 13200 Arles<\/p>\n<p><strong> AMI, 23 rue Guibal, 13331 Marseille Cedex 3.T\u00e9l : 04 91 11 42 52 <\/strong><\/p>\n<p>1. Le minist\u00e8re de la Culture et de la Communication \u00e9dite, comme chaque ann\u00e9e, le Guide des festivals et des expositions qui inventorie plus de 10 000 manifestations. Il est disponible, au prix de 60 F, \u00e0 l&#8217;Office central des partenariats, 149, rue Saint-Honor\u00e9, 75001 Paris. T\u00e9l : 01 47 03 48 48.<\/p>\n","protected":false},"excerpt":{"rendered":"<p> L&#8217;\u00e9t\u00e9, la France se transforme en un festival culturel. De musique, il y en a plusieurs centaines, grands et petits, r\u00e9put\u00e9s et moins connus. De jazz ou de rock, de musiques traditionnelles ou classiques, contemporaines ou actuelles, urbaines ou bucoliques. En plein air ou en salle. Pour tous les go\u00fbts et toutes les bourses. Voici trois d&#8217;entre eux, du plus correct au plus d\u00e9cal\u00e9 (1). <\/p>\n","protected":false},"author":1,"featured_media":0,"comment_status":"open","ping_status":"open","sticky":false,"template":"","format":"standard","meta":{"_themeisle_gutenberg_block_has_review":false,"footnotes":""},"categories":[141],"tags":[296],"class_list":["post-1541","post","type-post","status-publish","format-standard","hentry","category-archives-web","tag-musique"],"_links":{"self":[{"href":"https:\/\/archives.regards.fr\/index.php?rest_route=\/wp\/v2\/posts\/1541","targetHints":{"allow":["GET"]}}],"collection":[{"href":"https:\/\/archives.regards.fr\/index.php?rest_route=\/wp\/v2\/posts"}],"about":[{"href":"https:\/\/archives.regards.fr\/index.php?rest_route=\/wp\/v2\/types\/post"}],"author":[{"embeddable":true,"href":"https:\/\/archives.regards.fr\/index.php?rest_route=\/wp\/v2\/users\/1"}],"replies":[{"embeddable":true,"href":"https:\/\/archives.regards.fr\/index.php?rest_route=%2Fwp%2Fv2%2Fcomments&post=1541"}],"version-history":[{"count":0,"href":"https:\/\/archives.regards.fr\/index.php?rest_route=\/wp\/v2\/posts\/1541\/revisions"}],"wp:attachment":[{"href":"https:\/\/archives.regards.fr\/index.php?rest_route=%2Fwp%2Fv2%2Fmedia&parent=1541"}],"wp:term":[{"taxonomy":"category","embeddable":true,"href":"https:\/\/archives.regards.fr\/index.php?rest_route=%2Fwp%2Fv2%2Fcategories&post=1541"},{"taxonomy":"post_tag","embeddable":true,"href":"https:\/\/archives.regards.fr\/index.php?rest_route=%2Fwp%2Fv2%2Ftags&post=1541"}],"curies":[{"name":"wp","href":"https:\/\/api.w.org\/{rel}","templated":true}]}}