{"id":1497,"date":"1999-06-01T00:00:00","date_gmt":"1999-05-31T22:00:00","guid":{"rendered":"https:\/\/wp.muchomaas.com\/tout-sur-l-audiovisuel1497\/"},"modified":"1999-06-01T00:00:00","modified_gmt":"1999-05-31T22:00:00","slug":"tout-sur-l-audiovisuel1497","status":"publish","type":"post","link":"https:\/\/archives.regards.fr\/?p=1497","title":{"rendered":"Tout sur l&#8217;audiovisuel"},"content":{"rendered":"<p>Vingt-sept sp\u00e9cialistes de l&#8217;audiovisuel racontent en 600 pages toute l&#8217;histoire de la radio et de la t\u00e9l\u00e9vision en France. Le ma\u00eetre d&#8217;oeuvre de ce dictionnaire in\u00e9dit est Jean-No\u00ebl Jeanneney, professeur \u00e0 l&#8217;Institut d&#8217;\u00e9tudes politiques \u00e0 Paris, auteur de nombreux ouvrages notamment consacr\u00e9s aux m\u00e9dias, o\u00f9 il a exerc\u00e9 diverses responsabilit\u00e9s. Depuis 1977, il anime un s\u00e9minaire sur &#8220;Audiovisuel et Histoire&#8221; dans le cadre du cycle d&#8217;Histoire du XXe si\u00e8cle de l&#8217;IEP-Paris. Cet ouvrage est, en quelque sorte, l&#8217;aboutissement de ces vingt ann\u00e9es d&#8217;investigation. Ses co-auteurs sont d&#8217;ailleurs les chercheurs, telle Agn\u00e8s Chauveau (on avait salu\u00e9 ici son \u00e9tude sur la Haute autorit\u00e9 de l&#8217;audiovisuel), qui ont travaill\u00e9 avec lui \u00e0 ce s\u00e9minaire. Le responsable de cette \u00e9dition d\u00e9finit d&#8217;ailleurs cet ouvrage comme &#8220;une coordination de mini-essais&#8221;.<\/p>\n<p>Au fil de seize chapitres, l&#8217;ouvrage suit les diff\u00e9rentes \u00e9tapes de l&#8217;aventure de l&#8217;audiovisuel, rappelle les moments forts, \u00e9voque l&#8217;histoire des radios puis celle des t\u00e9l\u00e9visions, l&#8217;\u00e9volution des technologies, les m\u00e9canismes de fonctionnement, passe en revue les diff\u00e9rents m\u00e9tiers, d\u00e9crit les figures embl\u00e9matiques, commente les tourments de la communication politique, brosse le portrait des grands acteurs (dont Georges Marchais ; voir \u00e0 ce propos le paragraphe que lui consacre Isabelle Veyrat-Masson, o\u00f9 elle s&#8217;interroge sur &#8220;l&#8217;\u00e9vidente dichotomie entre son succ\u00e8s m\u00e9diatique et la sympathie des t\u00e9l\u00e9spectateurs&#8221;), examine les enjeux culturels, s&#8217;int\u00e9resse au traitement des questions de soci\u00e9t\u00e9, donne le regard ext\u00e9rieur sur cette machinerie, analyse l&#8217;attitude des publics, montre les dimensions internationales et d\u00e9taille les lieux d&#8217;archives.<\/p>\n<p>Chacun de ces chapitres est compos\u00e9 d&#8217;un certain nombre d&#8217;articles, eux-m\u00eames comportant d&#8217;utiles r\u00e9f\u00e9rences bibliographiques, qui permettent de d\u00e9tailler, de A comme audimat \u00e0 Z comme Zitrone, cette \u00e9pop\u00e9e de l&#8217;audiovisuel.<\/p>\n<p>On lira avec profit, par exemple, les biographies de cette g\u00e9n\u00e9ration de r\u00e9alisateurs, communistes pour la plupart, qui b\u00e2tirent, sous l&#8217;oeil vigilant et complice \u00e0 la fois de la direction gaulliste de la t\u00e9l\u00e9vision, les grandes programmations des ann\u00e9es 60. &#8220;Dans cette g\u00e9n\u00e9ration qui a fond\u00e9, apr\u00e8s la guerre, la t\u00e9l\u00e9vision fran\u00e7aise, Marcel Bluwal est repr\u00e9sentatif de ces r\u00e9alisateurs de dramatiques qui ont \u00e9t\u00e9 port\u00e9s par l&#8217;ambition culturelle du service public, par le d\u00e9veloppement de l&#8217;outil et par la d\u00e9cision d&#8217;une direction de promouvoir le r\u00e9alisateur, sur le mod\u00e8le du cin\u00e9ma&#8221; \u00e9crit J\u00e9r\u00f4me Bourdon. En fin d&#8217;ouvrage, une chronologie \u00e9gr\u00e8ne les \u00e9pisodes de cette saga de 1915 \u00e0 1999.<\/p>\n<p>En historien qui aime rappeler aux \u00e9tourdis les le\u00e7ons du pass\u00e9, Jean-No\u00ebl Jeanneney observe que &#8220;les mutations m\u00eames qui s&#8217;annoncent dans le champ de la communication plan\u00e9taire, impressionnantes, ne peuvent \u00eatre consid\u00e9r\u00e9es avec sang-froid qu&#8217;\u00e0 la lumi\u00e8re des \u00e9volutions du pass\u00e9 dont la connaissance seule permet de r\u00e9sister aux fascinations de l&#8217;\u00e9bri\u00e9t\u00e9 technologique&#8221;.<\/p>\n<p><strong> Jean-No\u00ebl Jeanneney <\/strong>L&#8217;Echo du si\u00e8cle. Dictionnaire historique de la radio et de la t\u00e9l\u00e9vision en France,Hachette litt\u00e9ratures, Arte \u00e9ditions et la Cinqui\u00e8me \u00e9dition, 605 p., 295 F<\/p>\n","protected":false},"excerpt":{"rendered":"<p>Vingt-sept sp\u00e9cialistes de l&#8217;audiovisuel racontent en 600 pages toute l&#8217;histoire de la radio et de la t\u00e9l\u00e9vision en France. Le ma\u00eetre d&#8217;oeuvre de ce dictionnaire in\u00e9dit est Jean-No\u00ebl Jeanneney, professeur \u00e0 l&#8217;Institut d&#8217;\u00e9tudes politiques \u00e0 Paris, auteur de nombreux ouvrages notamment consacr\u00e9s aux m\u00e9dias, o\u00f9 il a exerc\u00e9 diverses responsabilit\u00e9s. Depuis 1977, il anime un [&hellip;]<\/p>\n","protected":false},"author":1,"featured_media":0,"comment_status":"open","ping_status":"open","sticky":false,"template":"","format":"standard","meta":{"_themeisle_gutenberg_block_has_review":false,"footnotes":""},"categories":[141],"tags":[287],"class_list":["post-1497","post","type-post","status-publish","format-standard","hentry","category-archives-web","tag-medias"],"_links":{"self":[{"href":"https:\/\/archives.regards.fr\/index.php?rest_route=\/wp\/v2\/posts\/1497","targetHints":{"allow":["GET"]}}],"collection":[{"href":"https:\/\/archives.regards.fr\/index.php?rest_route=\/wp\/v2\/posts"}],"about":[{"href":"https:\/\/archives.regards.fr\/index.php?rest_route=\/wp\/v2\/types\/post"}],"author":[{"embeddable":true,"href":"https:\/\/archives.regards.fr\/index.php?rest_route=\/wp\/v2\/users\/1"}],"replies":[{"embeddable":true,"href":"https:\/\/archives.regards.fr\/index.php?rest_route=%2Fwp%2Fv2%2Fcomments&post=1497"}],"version-history":[{"count":0,"href":"https:\/\/archives.regards.fr\/index.php?rest_route=\/wp\/v2\/posts\/1497\/revisions"}],"wp:attachment":[{"href":"https:\/\/archives.regards.fr\/index.php?rest_route=%2Fwp%2Fv2%2Fmedia&parent=1497"}],"wp:term":[{"taxonomy":"category","embeddable":true,"href":"https:\/\/archives.regards.fr\/index.php?rest_route=%2Fwp%2Fv2%2Fcategories&post=1497"},{"taxonomy":"post_tag","embeddable":true,"href":"https:\/\/archives.regards.fr\/index.php?rest_route=%2Fwp%2Fv2%2Ftags&post=1497"}],"curies":[{"name":"wp","href":"https:\/\/api.w.org\/{rel}","templated":true}]}}