{"id":1489,"date":"1999-06-01T00:00:00","date_gmt":"1999-05-31T22:00:00","guid":{"rendered":"https:\/\/wp.muchomaas.com\/trente-ans-de-festival-a-saint1489\/"},"modified":"1999-06-01T00:00:00","modified_gmt":"1999-05-31T22:00:00","slug":"trente-ans-de-festival-a-saint1489","status":"publish","type":"post","link":"https:\/\/archives.regards.fr\/?p=1489","title":{"rendered":"Trente ans de Festival \u00e0 Saint-Denis"},"content":{"rendered":"<p>Le Festival Saint-Denis, (2 juin-1er juillet), f\u00eate ses trente ans. La violoncelliste <strong> Anne Gastinel,** les pianistes **Fazil Say, Alexandre Tharaud, H\u00e9l\u00e8ne Grimaud,** le contre-t\u00e9nor **Brian Asawa** et la soprano **Alexia Cousin,** qui n&#8217;\u00e9taient pas n\u00e9s quand le festival fut cr\u00e9\u00e9, pr\u00e9sentent des concerts sur chacun des week-end. Le festival accueille ainsi une nouvelle g\u00e9n\u00e9ration d&#8217;interpr\u00e8te pour honorer un r\u00e9pertoire de musique classique qui s&#8217;\u00e9tend des grandes polyphonies de la Renaissance \u00e0 la cour d&#8217;Espagne, des symphonies de **Schubert** et de **Chostakovitch,** du Stabat Mater de **Faur\u00e9** jusqu&#8217;au Quatuor d&#8217; **Olivier Messiaen,** dirig\u00e9s respectivement par les ma\u00eetres, **Paul Van Nevel, Kurt Masur, Jean-Claude Casadesus et Myung-Whun Chung.**Le Festival \u00e9tant devenu multiculturel, **Marcel P\u00e9r\u00e8s** dirige le 15 juin l&#8217; **Ensemble Organum,** sp\u00e9cialis\u00e9 dans la musique m\u00e9di\u00e9vale et l&#8217;Ensemble **Al Assala <\/strong> compos\u00e9 de chanteurs traditionnels marocains, pour confronter le chant Mozarabe \u00e0 un chant liturgique hispanique chr\u00e9tien.<\/p>\n<p>A l&#8217;occasion de la F\u00eate de la musique, concert gratuit est donn\u00e9 par les \u00e9l\u00e8ves de l&#8217;orchestre <strong> Al-Mawsili,** du Conservatoire de Saint-Denis et de l&#8217;Universit\u00e9 Paris-VIII, qui interpr\u00e9teront la musique &#8220;arabo-andalouse&#8221;, dont les origines remontent au d\u00e9but de l&#8217;Espagne musulmane. La musique sympathise aussi avec le cabaret, con\u00e7u et r\u00e9alis\u00e9 par le chor\u00e9graphe **Philippe Decoufl\u00e9,** jongle \u00e9galement avec **Paris Combo <\/strong> qui r\u00e9invente \u00e0 sa mani\u00e8re un joli m\u00e9tissage de la chanson traditionnelle parisienne avec des inspirations jazz, de musique latine et tsigane. Pour concevoir le concert v\u00e9cu comme au Moyen Age, en lieu de rencontres, de paroles, d&#8217;\u00e9changes et de f\u00eate, le Festival propose, en collaboration avec l&#8217;Office de tourisme et avec la participation de nombreux restaurateurs dionysiens, formules diverses alliant concert, d\u00eener et visite. Le 8 juin, le concert Misa Flamenca en Basilique sera suivi d&#8217;une paella service au Magic Mirrors. Le 15 juin est organis\u00e9e une soir\u00e9e m\u00e9di\u00e9vale et le 20 juin une soir\u00e9e orientale. n C.W.<\/p>\n<p><strong> Les trente ans du Festival Saint-Denis. <\/strong>Du 2 juin au 1er juillet. Informations et r\u00e9servations, par t\u00e9l\u00e9phone : 01 48 13 06 07, sur place : bureau de location du Festival : le Kiosque, 2, rue de la L\u00e9gion d&#8217;Honneur, Saint-Denis, par courrier (au plus tard 10 jours avant le spectacle), 6, place de la L\u00e9gion d&#8217;Honneur, 93200 Saint-Denis, par e-mail, \u00e0 partir du site Web : http :\/\/www. festival-saint-denis. fr. Egalement dans les FNAC, Virgin, France Billet et Agences.<\/p>\n","protected":false},"excerpt":{"rendered":"<p>Le Festival Saint-Denis, (2 juin-1er juillet), f\u00eate ses trente ans. La violoncelliste Anne Gastinel,** les pianistes **Fazil Say, Alexandre Tharaud, H\u00e9l\u00e8ne Grimaud,** le contre-t\u00e9nor **Brian Asawa** et la soprano **Alexia Cousin,** qui n&#8217;\u00e9taient pas n\u00e9s quand le festival fut cr\u00e9\u00e9, pr\u00e9sentent des concerts sur chacun des week-end. Le festival accueille ainsi une nouvelle g\u00e9n\u00e9ration d&#8217;interpr\u00e8te [&hellip;]<\/p>\n","protected":false},"author":1,"featured_media":0,"comment_status":"open","ping_status":"open","sticky":false,"template":"","format":"standard","meta":{"_themeisle_gutenberg_block_has_review":false,"footnotes":""},"categories":[141],"tags":[296],"class_list":["post-1489","post","type-post","status-publish","format-standard","hentry","category-archives-web","tag-musique"],"_links":{"self":[{"href":"https:\/\/archives.regards.fr\/index.php?rest_route=\/wp\/v2\/posts\/1489","targetHints":{"allow":["GET"]}}],"collection":[{"href":"https:\/\/archives.regards.fr\/index.php?rest_route=\/wp\/v2\/posts"}],"about":[{"href":"https:\/\/archives.regards.fr\/index.php?rest_route=\/wp\/v2\/types\/post"}],"author":[{"embeddable":true,"href":"https:\/\/archives.regards.fr\/index.php?rest_route=\/wp\/v2\/users\/1"}],"replies":[{"embeddable":true,"href":"https:\/\/archives.regards.fr\/index.php?rest_route=%2Fwp%2Fv2%2Fcomments&post=1489"}],"version-history":[{"count":0,"href":"https:\/\/archives.regards.fr\/index.php?rest_route=\/wp\/v2\/posts\/1489\/revisions"}],"wp:attachment":[{"href":"https:\/\/archives.regards.fr\/index.php?rest_route=%2Fwp%2Fv2%2Fmedia&parent=1489"}],"wp:term":[{"taxonomy":"category","embeddable":true,"href":"https:\/\/archives.regards.fr\/index.php?rest_route=%2Fwp%2Fv2%2Fcategories&post=1489"},{"taxonomy":"post_tag","embeddable":true,"href":"https:\/\/archives.regards.fr\/index.php?rest_route=%2Fwp%2Fv2%2Ftags&post=1489"}],"curies":[{"name":"wp","href":"https:\/\/api.w.org\/{rel}","templated":true}]}}