{"id":1488,"date":"1999-06-01T00:00:00","date_gmt":"1999-05-31T22:00:00","guid":{"rendered":"https:\/\/wp.muchomaas.com\/reperages1488\/"},"modified":"1999-06-01T00:00:00","modified_gmt":"1999-05-31T22:00:00","slug":"reperages1488","status":"publish","type":"post","link":"https:\/\/archives.regards.fr\/?p=1488","title":{"rendered":"Rep\u00e9rages"},"content":{"rendered":"<p class=\"post_excerpt\"> Nouveaut\u00e9s discographiques <\/p>\n<p>Il Ritorno d&#8217;Ulisse in Patria de Claudio Monteverdi, sous la direction de <strong> Gabriel Garrido, <\/strong> Media 7 K617091\/3.<\/p>\n<p>Ariodante de Georg Friedrich Haendel, sous la direction de <strong> Marc Minkowski, <\/strong> Archiv 457 271-2.<\/p>\n<p>Les Arts Florissants. Vingti\u00e8me anniversaire. Musique de ballet de Jean-Philippe Rameau et de Marc-Antoine Charpentier, sous la direction de <strong> William Christie, <\/strong> Erato 3984-26129-2.<\/p>\n<p>Requiem in the Venetian Manner de Benetto Marcello, sous la direction de <strong> Pilippo Maria Bressan, <\/strong> Chandos 0637.<\/p>\n<p>La Passione di Ges\u00f9 Cristo Signor Nostro de Caldara, sous la direction de <strong> Fabio Biondi, <\/strong> Veritas 5 45325 2.<\/p>\n<p><strong> Principaux ensembles sp\u00e9cialis\u00e9s dans la musique baroque <\/strong><\/p>\n<p><strong> Centre de Musique de Versailles, <\/strong> dirig\u00e9 par Jean Duron. 22, avenue de Paris 78000 Versailles. (01 39 20 78 10).<\/p>\n<p><strong> Le Ch\u00e2teau de Versailles, <\/strong> dirig\u00e9 par Vincent Berthier de Lioncourt. D\u00e9partement de la musique et des spectacles du Ch\u00e2teau de Versailles. (01 30 83 78 07).<\/p>\n<p><strong> Les Arts Florissants, <\/strong> dirig\u00e9 par William Christie. 2, rue de Saint-P\u00e9tersbourg 75008 Paris. (01 43 87 98 98).<\/p>\n<p><strong> Les Talens Lyriques, <\/strong> dirig\u00e9 par Christophe Rousset. 11, passage de la Boule Blanche, 75008 Paris. (01 53 46 64 64).<\/p>\n<p><strong> Le Concert Spirituel, <\/strong> dirig\u00e9 par Herv\u00e9 Niquet. 42, rue du Louvre 75001 Paris. (01 40 26 11 31).<\/p>\n<p><strong> La Symphonie du Marais, <\/strong> dirig\u00e9 par Hugo Reyne. 1, impasse Damesme 75013 Paris. (01 45 89 69 64).<\/p>\n<p><strong> Ensemble Stravagante, <\/strong> dirig\u00e9 par Skip Semp\u00e9. 4, rue de Fr\u00e9d\u00e9ric Sauton 75005 Paris. (01 40 51 03 32).<\/p>\n<p><strong> Ensemble Baroque de Limoges, <\/strong> dirig\u00e9 par Christophe Coin. La Borie-en-Limousin 87110 Solignac. (05 55 31 84 84).<\/p>\n<p><strong> Le Parlement de Musique, <\/strong> dirig\u00e9 par Martin Gester. 33, route du Rhin, 67100 Strasbourg. (03 88 4 43 82).<\/p>\n<p><strong> Calendrier 1999 des Arts Florissants <\/strong><\/p>\n<p>Alcina de <strong> Georg Friedrich Haendel** (1685-1759), direction musicale : **William Christie,** Mise en sc\u00e8ne : **Robert Carsen. <\/strong> Les 7, 10, 13 (matin\u00e9e), 16, 19, 22, 25, 28 juin et 1 juillet 1999, Paris, Op\u00e9ra Garnier.<\/p>\n<p>Selva Morale de <strong> Claudio Monteverdi <\/strong> (1567-1643). Le 18 juillet 1999 \u00e0 la Cath\u00e9drale de Saint-Quentin-en-Yvelines<\/p>\n<p>Les Indes Galantes de <strong> Jean-Philippe Rameau** (1683-1764). Direction musicale : **William Christie.** Mise en sc\u00e8ne : **Andrei Serban. <\/strong> Les 17, 18, 19, 20, 23, 24, 25, 27, 28, 29 septembre et 1, 2, 4, 5 octobre 1999, Paris, Op\u00e9ra Garnier.<\/p>\n<p>Grands Motets d&#8217; <strong> Henri Desmarest <\/strong> (1661-1741). Le 10 octobre 1999 \u00e0 l&#8217;Abbaye d&#8217;Ambronay. Le 11 octobre 1999 \u00e0 La Chapelle Royale de Versailles. Le 13 octobre 1999 \u00e0 l&#8217;Arsenal de Metz. Le 15 octobre 1999 au Th\u00e9\u00e2tre de Caen.<\/p>\n<p>Te Deum de <strong> Marc-Antoine Charpentier** (164-1704) et Motet III : Hunc igitur terrorem&#8230; de **Betsy Jolas <\/strong> (n\u00e9e en 1926). Le 14 d\u00e9cembre 1999 au Th\u00e9\u00e2tre de Caen. Le 17 d\u00e9cembre \u00e0 la Halle aux grains \u00e0 Toulouse. Le 21 d\u00e9cembre \u00e0 La Cit\u00e9 de la Musique \u00e0 Paris. Le 31 d\u00e9cembre \u00e0 l&#8217;Eglise Abbatiale du Mont Saint-Michel.<\/p>\n","protected":false},"excerpt":{"rendered":"<p> Nouveaut\u00e9s discographiques <\/p>\n","protected":false},"author":1,"featured_media":0,"comment_status":"open","ping_status":"open","sticky":false,"template":"","format":"standard","meta":{"_themeisle_gutenberg_block_has_review":false,"footnotes":""},"categories":[141],"tags":[296],"class_list":["post-1488","post","type-post","status-publish","format-standard","hentry","category-archives-web","tag-musique"],"_links":{"self":[{"href":"https:\/\/archives.regards.fr\/index.php?rest_route=\/wp\/v2\/posts\/1488","targetHints":{"allow":["GET"]}}],"collection":[{"href":"https:\/\/archives.regards.fr\/index.php?rest_route=\/wp\/v2\/posts"}],"about":[{"href":"https:\/\/archives.regards.fr\/index.php?rest_route=\/wp\/v2\/types\/post"}],"author":[{"embeddable":true,"href":"https:\/\/archives.regards.fr\/index.php?rest_route=\/wp\/v2\/users\/1"}],"replies":[{"embeddable":true,"href":"https:\/\/archives.regards.fr\/index.php?rest_route=%2Fwp%2Fv2%2Fcomments&post=1488"}],"version-history":[{"count":0,"href":"https:\/\/archives.regards.fr\/index.php?rest_route=\/wp\/v2\/posts\/1488\/revisions"}],"wp:attachment":[{"href":"https:\/\/archives.regards.fr\/index.php?rest_route=%2Fwp%2Fv2%2Fmedia&parent=1488"}],"wp:term":[{"taxonomy":"category","embeddable":true,"href":"https:\/\/archives.regards.fr\/index.php?rest_route=%2Fwp%2Fv2%2Fcategories&post=1488"},{"taxonomy":"post_tag","embeddable":true,"href":"https:\/\/archives.regards.fr\/index.php?rest_route=%2Fwp%2Fv2%2Ftags&post=1488"}],"curies":[{"name":"wp","href":"https:\/\/api.w.org\/{rel}","templated":true}]}}