{"id":1477,"date":"1999-06-01T00:00:00","date_gmt":"1999-05-31T22:00:00","guid":{"rendered":"https:\/\/wp.muchomaas.com\/le-carrefour1477\/"},"modified":"1999-06-01T00:00:00","modified_gmt":"1999-05-31T22:00:00","slug":"le-carrefour1477","status":"publish","type":"post","link":"https:\/\/archives.regards.fr\/?p=1477","title":{"rendered":"Le carrefour"},"content":{"rendered":"<p class=\"post_excerpt\"> Entretien avec Mogen Niss <\/p>\n<p>Il n&#8217;y a pas si longtemps, l&#8217;Enseignement sup\u00e9rieur (\u00e0 l&#8217;universit\u00e9) \u00e9tait un ph\u00e9nom\u00e8ne plut\u00f4t \u00e9litiste au Danemark, s&#8217;adressant \u00e0 une partie assez limit\u00e9e de la population. Jusqu&#8217;au d\u00e9but des ann\u00e9es 60, moins de 10 % d&#8217;une cohorte de jeunes obtenait le baccalaur\u00e9at et bien moins un dipl\u00f4me d&#8217;enseignement sup\u00e9rieur. Comme dans la plupart des pays de l&#8217;Ouest, l&#8217;Enseignement sup\u00e9rieur au Danemark a commenc\u00e9 \u00e0 cro\u00eetre dans les ann\u00e9es 60 et 70 et a plus ou moins continu\u00e9 depuis. Ce passage d&#8217;une \u00e9ducation d&#8217;\u00e9lite \u00e0 une \u00e9ducation de masse a modifi\u00e9 d&#8217;une fa\u00e7on dramatique le r\u00f4le, les perspectives et les conditions de l&#8217;Enseignement sup\u00e9rieur dans le pays. Aujourd&#8217;hui, une partie non n\u00e9gligeable de la jeunesse obtient un dipl\u00f4me d&#8217;enseignement sup\u00e9rieur (surtout au niveau master, 5 \u00e0 7 ans d&#8217;\u00e9tudes) et trouve du travail dans de nouvelles professions sp\u00e9cialis\u00e9es au point que la sp\u00e9cialisation correspond rarement aux disciplines enseign\u00e9es. Encore que de nouvelles disciplines aient \u00e9merg\u00e9 r\u00e9cemment. Aussi les dipl\u00f4m\u00e9s ont tendance \u00e0 entrer dans de nombreuses professions moins sur la base de leur sp\u00e9cialisation acad\u00e9mique que sur la possession d&#8217;un dipl\u00f4me.<\/p>\n<p>Cela a contribu\u00e9 \u00e0 soumettre \u00e0 forte pression la classique et intime connexion entre Enseignement sup\u00e9rieur et Recherche. Il est justifi\u00e9 de parler de forces centrifuges qui tendent \u00e0 les s\u00e9parer toujours plus. Apr\u00e8s les \u00e9lections l\u00e9gislatives du printemps 1999, un minist\u00e8re de la Recherche s\u00e9par\u00e9 a \u00e9t\u00e9 cr\u00e9\u00e9 qui a men\u00e9 \u00e0 une division de la tutelle sur l&#8217;enseignement sup\u00e9rieur (l&#8217;ensemble \u00e9tant assur\u00e9 par l&#8217;Etat danois). Tout ce qui concerne les \u00e9tudes, les programmes, les \u00e9tudiants est rattach\u00e9 au minist\u00e8re de l&#8217;Education tandis que ce qui concerne les institutions, le personnel, les b\u00e2timents de recherche, etc., est rattach\u00e9 au minist\u00e8re de la Recherche. Le minist\u00e8re de l&#8217;Education doit demander au minist\u00e8re de la Recherche de lui fournir des services \u00e9ducatifs.<\/p>\n<p><strong> Expansion quantitative <\/strong><\/p>\n<p>Avec l&#8217;expansion quantitative de l&#8217;enseignement sup\u00e9rieur, les politiciens et les gestionnaires ont voulu d\u00e9manteler le rapport classique et automatique entre l&#8217;Enseignement et la Recherche parce qu&#8217;il augmentait de fa\u00e7on sensible les co\u00fbts de l&#8217;Enseignement sup\u00e9rieur en expansion. L&#8217;argument officiel \u00e9tait : nous avons juste besoin d&#8217;une augmentation marqu\u00e9e du nombre de dipl\u00f4m\u00e9s et nous n&#8217;avons pas besoin de l&#8217;augmentation correspondante du volume de la recherche. L&#8217;autre facteur important est le d\u00e9sir politique de contr\u00f4ler la recherche. La tradition politique et culturelle de base au Danemark est un populisme anti-intellectuel et la notion de recherche fondamentale libre n&#8217;a jamais int\u00e9ress\u00e9 la plupart des politiciens danois. Aussi longtemps que les universit\u00e9s \u00e9taient petites et peu nombreuses, la recherche fut accept\u00e9e, mais quand elles devinrent plus grandes et plus nombreuses, la solution politique fut de pousser la recherche en direction d&#8217;un usage utilitaire au profit de la soci\u00e9t\u00e9, de l&#8217;industrie et du commerce. [&#8230;]<\/p>\n<p>Une cons\u00e9quence de cette s\u00e9paration est que l&#8217;\u00e9ducation tend \u00e0 devenir un tout dont le lien avec les traditions et les r\u00e9sultats de la recherche est affaibli. Les relations entre le contenu des projets de recherche sp\u00e9cifique faits dans le pays et le contenu de l&#8217;enseignement sup\u00e9rieur sont de plus en plus t\u00e9nus. Les professeurs d&#8217;universit\u00e9 qui ont une subvention de recherche l&#8217;utilisent pour &#8220;racheter leur libert\u00e9&#8221; par rapport \u00e0 leur fonction d&#8217;enseignant, sous-trait\u00e9e par des professeurs \u00e0 temps partiel peu exp\u00e9riment\u00e9s. Les chercheurs ont tendance \u00e0 regarder de haut l&#8217;enseignement et \u00e0 rencontrer rarement des \u00e9tudiants. En un mot, l&#8217;enseignement sup\u00e9rieur &#8220;se secondarise&#8221;. Comme il appara\u00eet sans doute, je ne suis pas vraiment pour ce type de d\u00e9veloppement. A mon avis, il est essentiel d&#8217;entretenir une relation intime entre enseignement sup\u00e9rieur et recherche. Si j&#8217;avais \u00e0 exprimer des souhaits au niveau europ\u00e9en, ce serait de voir une recommandation pour r\u00e9tablir d&#8217;une fa\u00e7on g\u00e9n\u00e9rale ces relations et une recommandation pour que &#8220;cent fleurs fleurissent&#8221; dans l&#8217;enseignement sup\u00e9rieur \u00e0 travers l&#8217;Europe, \u00e0 l&#8217;int\u00e9rieur et entre les pays, c&#8217;est-\u00e0-dire pour contrecarrer les essais actuels d&#8217;harmoniser\/uniformiser l&#8217;enseignement sup\u00e9rieur. J&#8217;avoue que je suis sceptique sur l&#8217;aide qu&#8217;on peut attendre de l&#8217;Union europ\u00e9enne pour cela. Sur la base de l&#8217;exp\u00e9rience ant\u00e9rieure, il semble plut\u00f4t que l&#8217;Union europ\u00e9enne ne souffre pas moins que le Danemark des maladies indiqu\u00e9es.<\/p>\n<p><strong> Sp\u00e9cial web : le** **texte int\u00e9gral <\/strong><\/p>\n<p>* Professeur de math\u00e9matiques et d&#8217;enseignement des math\u00e9matiques, Universit\u00e9 de Roskilde, Danemark.<\/p>\n","protected":false},"excerpt":{"rendered":"<p> Entretien avec Mogen Niss <\/p>\n","protected":false},"author":1,"featured_media":0,"comment_status":"open","ping_status":"open","sticky":false,"template":"","format":"standard","meta":{"_themeisle_gutenberg_block_has_review":false,"footnotes":""},"categories":[141],"tags":[294],"class_list":["post-1477","post","type-post","status-publish","format-standard","hentry","category-archives-web","tag-recherche"],"_links":{"self":[{"href":"https:\/\/archives.regards.fr\/index.php?rest_route=\/wp\/v2\/posts\/1477","targetHints":{"allow":["GET"]}}],"collection":[{"href":"https:\/\/archives.regards.fr\/index.php?rest_route=\/wp\/v2\/posts"}],"about":[{"href":"https:\/\/archives.regards.fr\/index.php?rest_route=\/wp\/v2\/types\/post"}],"author":[{"embeddable":true,"href":"https:\/\/archives.regards.fr\/index.php?rest_route=\/wp\/v2\/users\/1"}],"replies":[{"embeddable":true,"href":"https:\/\/archives.regards.fr\/index.php?rest_route=%2Fwp%2Fv2%2Fcomments&post=1477"}],"version-history":[{"count":0,"href":"https:\/\/archives.regards.fr\/index.php?rest_route=\/wp\/v2\/posts\/1477\/revisions"}],"wp:attachment":[{"href":"https:\/\/archives.regards.fr\/index.php?rest_route=%2Fwp%2Fv2%2Fmedia&parent=1477"}],"wp:term":[{"taxonomy":"category","embeddable":true,"href":"https:\/\/archives.regards.fr\/index.php?rest_route=%2Fwp%2Fv2%2Fcategories&post=1477"},{"taxonomy":"post_tag","embeddable":true,"href":"https:\/\/archives.regards.fr\/index.php?rest_route=%2Fwp%2Fv2%2Ftags&post=1477"}],"curies":[{"name":"wp","href":"https:\/\/api.w.org\/{rel}","templated":true}]}}