{"id":1476,"date":"1999-06-01T00:00:00","date_gmt":"1999-05-31T22:00:00","guid":{"rendered":"https:\/\/wp.muchomaas.com\/du-chemin-a-faire1476\/"},"modified":"1999-06-01T00:00:00","modified_gmt":"1999-05-31T22:00:00","slug":"du-chemin-a-faire1476","status":"publish","type":"post","link":"https:\/\/archives.regards.fr\/?p=1476","title":{"rendered":"Du chemin \u00e0 faire"},"content":{"rendered":"<p>Ce qui me semble \u00eatre la cl\u00e9 de vo\u00fbte de la mission de l&#8217;Universit\u00e9, c&#8217;est la recherche, ce mot \u00e9tant pris dans tous ses prolongements. Avec plusieurs volets compl\u00e9mentaires et indissociables, dont les plus importants sont un inventaire syst\u00e9matique et critique de l&#8217;\u00e9tat des connaissances en chaque domaine ; la contribution effective \u00e0 l&#8217;\u00e9volution de ces connaissances ; et enfin, l&#8217;organisation sous les formes les plus appropri\u00e9es de leur diffusion et de leur mise en oeuvre, en particulier par la formation initiale, la formation permanente et la valorisation. [&#8230;]<\/p>\n<p><strong> Du temps, de la s\u00e9r\u00e9nit\u00e9, de la libert\u00e9 <\/strong><\/p>\n<p>Je crois qu&#8217;il faut redonner \u00e0 la recherche fondamentale ses lettres de noblesse et les moyens de sa sp\u00e9cificit\u00e9 : du temps, de la s\u00e9r\u00e9nit\u00e9, de la libert\u00e9, toutes choses qui deviennent des denr\u00e9es rares. Car la recherche souffre de marchandisation. On lui transf\u00e8re de plus en plus la part de la recherche industrielle d\u00e9laiss\u00e9e par les entreprises multinationales, ou on la somme de r\u00e9soudre rapidement tel ou tel probl\u00e8me de soci\u00e9t\u00e9, m\u00e9dical par exemple. Le r\u00e9sultat est en g\u00e9n\u00e9ral d\u00e9cevant pour toutes les parties. Pour la recherche fondamentale, qui se trouve d\u00e9tourn\u00e9e de son mouvement propre et amput\u00e9e d&#8217;une partie de sa cr\u00e9ativit\u00e9, cependant que des domaines de recherche sans applications imm\u00e9diates sont mis en sommeil. Pour l&#8217;industrie \u00e9galement, car : au-del\u00e0 des aspects financiers imm\u00e9diats : les r\u00e9sultats de l&#8217;externalisation de la recherche sont le plus souvent m\u00e9diocres si on les compare \u00e0 ceux d&#8217;une v\u00e9ritable coop\u00e9ration o\u00f9 chaque partenaire apporte son savoir-faire. Pour la collectivit\u00e9 enfin, car les avanc\u00e9es scientifiques qui ont provoqu\u00e9 de v\u00e9ritables bouleversements sont presque toutes issues de l&#8217;accroissement g\u00e9n\u00e9ral des connaissances r\u00e9sultant de la recherche fondamentale, et non d&#8217;actions cibl\u00e9es et \u00e9troites. La valorisation de la recherche est insuffisante en France, et celapour un faisceau de raisons. Il faut agir sur plusieurs plans : mieux coupler la recherche fondamentale (mais sans la d\u00e9tourner de ses finalit\u00e9s) \u00e0 la soci\u00e9t\u00e9 et \u00e0 l&#8217;entreprise par des interfaces nouvelles, abaisser les obstacles techniques et juridiques \u00e0 l&#8217;innovation, oeuvrer pour r\u00e9duire les diff\u00e9rences de langage et de culture entre chercheurs et responsables d&#8217;entreprise&#8230; Sans esquiver une question de fond, l&#8217;insuffisance en France de la recherche industrielle.<\/p>\n<p>Si l&#8217;on adh\u00e8re \u00e0 l&#8217;id\u00e9e que le d\u00e9veloppement des capacit\u00e9s et de la cr\u00e9ativit\u00e9 de chaque citoyen devient la vraie richesse d&#8217;un pays moderne comme la France, alors il faut que la d\u00e9marche de la recherche soit largement diffus\u00e9e bien au-del\u00e0 des professionnels de la recherche. C&#8217;est en effet le meilleur outil pour l&#8217;int\u00e9gration de savoirs et d&#8217;informations dont le volume cro\u00eet de mani\u00e8re exponentielle, pour d\u00e9velopper des capacit\u00e9s cognitives larges et la capacit\u00e9 de r\u00e9aliser, pour organiser et confronter de mani\u00e8re critique les informations, pour acqu\u00e9rir un jugement autonome.<\/p>\n<p><strong> La jonction \u00e0 un niveau in\u00e9dit <\/strong><\/p>\n<p>Tous les futurs enseignants et, plus g\u00e9n\u00e9ralement, la masse des \u00e9tudiants, devraient \u00eatre rompus \u00e0 cette d\u00e9marche, et c&#8217;est \u00e0 l&#8217;Enseignement sup\u00e9rieur d&#8217;y veiller. Il me semble donc essentiel que les enseignants du sup\u00e9rieur aient, en majorit\u00e9, une activit\u00e9 effective de recherche, et que les chercheurs \u00e0 temps plein des grands organismes participent de mani\u00e8re significative et \u00e9valu\u00e9e \u00e0 cet enseignement d\u00e8s le premier cycle. C&#8217;est donc la jonction \u00e0 un niveau in\u00e9dit de la recherche et de la formation qui devrait caract\u00e9riser l&#8217;Universit\u00e9 moderne.<\/p>\n<p>Je voudrais souligner aussi la n\u00e9cessit\u00e9 de r\u00e9nover la Fonction publique : une bonne partie de notre force de travail pourrait \u00eatre r\u00e9cup\u00e9r\u00e9e pour des t\u00e2ches mieux en rapport avec nos comp\u00e9tences en mettant en oeuvre quelques mots-cl\u00e9 : simplifier, responsabiliser, contr\u00f4ler a posteriori et s\u00e9rieusement.<\/p>\n<p>Si ce changement d&#8217;optique n&#8217;a pas lieu, si des ressources intellectuelles, financi\u00e8res et technologiques suffisantes ne sont pas affect\u00e9es \u00e0 l&#8217;Enseignement sup\u00e9rieur, en France et aussi dans les autres pays d&#8217;Europe, alors il faudra en assumer les cons\u00e9quences. La recherche de premier plan d\u00e9sertera graduellement les universit\u00e9s. La qualit\u00e9 de la formation ira s&#8217;abaissant, avec une diff\u00e9renciation croissante entre l&#8217;enseignement pour la masse et l&#8217;enseignement pour l&#8217;\u00e9lite. La r\u00e9flexion critique perdra du terrain. Et les \u00e9tudiants fran\u00e7ais et europ\u00e9ens travailleront avec des outils multimedia sophistiqu\u00e9s \u00e9labor\u00e9s \u00e0 Berkeley ou Yale, et commercialis\u00e9s par Disney Corporation, Microsoft et Time Warner. Cependant, une telle \u00e9volution n&#8217;a rien d&#8217;in\u00e9luctable. L&#8217;Europe est un \u00e9norme r\u00e9servoir d&#8217;humanisme, de science et d&#8217;\u00e9ducation, nourri de la richesse de la diversit\u00e9. Il est possible de combiner les efforts nationaux et les collaborations entre les partenaires europ\u00e9ens afin que la pluralit\u00e9 des approches, des contenus et des cultures soit maintenue.<\/p>\n<p><strong> Sp\u00e9cial web : le** **texte int\u00e9gral <\/strong><\/p>\n<p>* Professeur \u00e0 l&#8217;Universit\u00e9 Paris-Sud, Orsay.<\/p>\n","protected":false},"excerpt":{"rendered":"<p>Ce qui me semble \u00eatre la cl\u00e9 de vo\u00fbte de la mission de l&#8217;Universit\u00e9, c&#8217;est la recherche, ce mot \u00e9tant pris dans tous ses prolongements. Avec plusieurs volets compl\u00e9mentaires et indissociables, dont les plus importants sont un inventaire syst\u00e9matique et critique de l&#8217;\u00e9tat des connaissances en chaque domaine ; la contribution effective \u00e0 l&#8217;\u00e9volution de [&hellip;]<\/p>\n","protected":false},"author":1,"featured_media":0,"comment_status":"open","ping_status":"open","sticky":false,"template":"","format":"standard","meta":{"_themeisle_gutenberg_block_has_review":false,"footnotes":""},"categories":[141],"tags":[294],"class_list":["post-1476","post","type-post","status-publish","format-standard","hentry","category-archives-web","tag-recherche"],"_links":{"self":[{"href":"https:\/\/archives.regards.fr\/index.php?rest_route=\/wp\/v2\/posts\/1476","targetHints":{"allow":["GET"]}}],"collection":[{"href":"https:\/\/archives.regards.fr\/index.php?rest_route=\/wp\/v2\/posts"}],"about":[{"href":"https:\/\/archives.regards.fr\/index.php?rest_route=\/wp\/v2\/types\/post"}],"author":[{"embeddable":true,"href":"https:\/\/archives.regards.fr\/index.php?rest_route=\/wp\/v2\/users\/1"}],"replies":[{"embeddable":true,"href":"https:\/\/archives.regards.fr\/index.php?rest_route=%2Fwp%2Fv2%2Fcomments&post=1476"}],"version-history":[{"count":0,"href":"https:\/\/archives.regards.fr\/index.php?rest_route=\/wp\/v2\/posts\/1476\/revisions"}],"wp:attachment":[{"href":"https:\/\/archives.regards.fr\/index.php?rest_route=%2Fwp%2Fv2%2Fmedia&parent=1476"}],"wp:term":[{"taxonomy":"category","embeddable":true,"href":"https:\/\/archives.regards.fr\/index.php?rest_route=%2Fwp%2Fv2%2Fcategories&post=1476"},{"taxonomy":"post_tag","embeddable":true,"href":"https:\/\/archives.regards.fr\/index.php?rest_route=%2Fwp%2Fv2%2Ftags&post=1476"}],"curies":[{"name":"wp","href":"https:\/\/api.w.org\/{rel}","templated":true}]}}