{"id":1473,"date":"1999-06-01T00:00:00","date_gmt":"1999-05-31T22:00:00","guid":{"rendered":"https:\/\/wp.muchomaas.com\/repartition-mais-refondee1473\/"},"modified":"1999-06-01T00:00:00","modified_gmt":"1999-05-31T22:00:00","slug":"repartition-mais-refondee1473","status":"publish","type":"post","link":"https:\/\/archives.regards.fr\/?p=1473","title":{"rendered":"R\u00e9partition, mais refond\u00e9e"},"content":{"rendered":"<p class=\"post_excerpt\"> Les retrait\u00e9s, 21 % de la population totale aujourd&#8217;hui, en repr\u00e9senteront 33 % au si\u00e8cle prochain. La part du revenu national qui leur est consacr\u00e9e devra bien \u00eatre relev\u00e9e dans les m\u00eames proportions ! <\/p>\n<p>Le devenir du syst\u00e8me de retraite n&#8217;est abord\u00e9 qu&#8217;en termes de contraintes financi\u00e8res alors qu&#8217;il s&#8217;agit avant tout d&#8217;un d\u00e9bat de soci\u00e9t\u00e9. Certains pressent de conclure, sans doute avec quelques arri\u00e8re-pens\u00e9es. D&#8217;autres estiment qu&#8217;il est urgent de reporter toute r\u00e9forme. La CGT, tout en combattant le catastrophisme qui ne peut servir que les tenants des fonds de pension, mesure l&#8217;ampleur des probl\u00e8mes et veut contribuer \u00e0 &#8220;conforter et renouveler le syst\u00e8me de retraite par r\u00e9partition&#8221;.<\/p>\n<p>L&#8217;organisation syndicale est en phase avec les salari\u00e9s : trois quarts d&#8217;entre eux s&#8217;inqui\u00e8tent quant \u00e0 l&#8217;avenir des retraites. Mais autant pl\u00e9biscitent le syst\u00e8me par r\u00e9partition. C&#8217;est bien par d\u00e9faut qu&#8217;une fraction non n\u00e9gligeable cherche individuellement des r\u00e9ponses dans les produits financiers.<\/p>\n<p><strong> L&#8217;importance de la population r\u00e9ellement active, une variable cl\u00e9 <\/strong><\/p>\n<p>Le syst\u00e8me actuel de retraite doit faire face \u00e0 trois probl\u00e8mes d\u00e9sormais bien identifi\u00e9s auxquels correspondent trois types de r\u00e9ponses. D&#8217;ici dix ans, le nombre annuel de d\u00e9parts s&#8217;accro\u00eetra de 200 000 personnes. C&#8217;est la cons\u00e9quence du &#8220;baby-boom&#8221;. Face \u00e0 un tel choc d\u00e9mographique, hors l&#8217;organisation d&#8217;un &#8220;contre-choc emploi&#8221;, ni l&#8217;augmentation des cotisations, ni la cr\u00e9ation d&#8217;un fonds de r\u00e9serve, ne constituent des r\u00e9ponses appropri\u00e9es. La capitalisation, elle, n&#8217;est d&#8217;aucun secours et aggraverait sans doute les probl\u00e8mes. A cette \u00e9ch\u00e9ance, la variable cl\u00e9 est celle de l&#8217;importance de la population r\u00e9ellement active. Seul un rythme de cr\u00e9ations nettes de plusieurs centaines de milliers d&#8217;emplois par an sur la d\u00e9cennie peut amortir le choc d\u00e9mographique.<\/p>\n<p>D&#8217;ici 2015, dans le cadre institutionnel actuel, il faut d\u00e9gager 200 milliards de francs de ressources suppl\u00e9mentaires, soit l&#8217;\u00e9quivalent de 2,5 points de PIB. Les chiffres du Commissariat g\u00e9n\u00e9ral au Plan montrent qu&#8217;\u00e0 cette \u00e9ch\u00e9ance, la r\u00e9duction du ch\u00f4mage peut permettre d&#8217;\u00e9quilibrer les comptes du syst\u00e8me de retraite. L&#8217;accroissement des recettes et la diminution des d\u00e9penses li\u00e9es au sous-emploi dans une hypoth\u00e8se de taux de ch\u00f4mage ramen\u00e9 \u00e0 3 %, permet m\u00eame de d\u00e9gager un surplus temporaire de capacit\u00e9s de financement.<\/p>\n<p>En second lieu, l&#8217;allongement de la dur\u00e9e de vie qui est de trois mois tous les ans, accro\u00eet le nombre de retrait\u00e9s en diminuant le taux de d\u00e9c\u00e8s. Ce mouvement qui, \u00e0 la diff\u00e9rence du pr\u00e9c\u00e9dent est tr\u00e8s progressif, devrait se poursuivre, en se ralentissant, jusqu&#8217;en 2050. La dur\u00e9e moyenne de la retraite se trouve accrue relativement \u00e0 la p\u00e9riode d&#8217;activit\u00e9. Pour compenser ce d\u00e9s\u00e9quilibre un faux &#8220;bon sens&#8221;, repris par de nombreux experts depuis vingt ans, conduit \u00e0 pr\u00e9coniser le recul de l&#8217;\u00e2ge de d\u00e9part \u00e0 la retraite.<\/p>\n<p><strong> Le recul de l&#8217;\u00e2ge de la retraite, un argument de faux bon sens <\/strong><\/p>\n<p>D\u00e8s 1980, le Commissariat g\u00e9n\u00e9ral au Plan pr\u00e9conisait un allongement de la dur\u00e9e de cotisation \u00e0 42,5 ans. En 1986, le Commissaire d&#8217;alors \u00e9voquait 45 ans ! Aucun ne se demande si un tel allongement g\u00e9n\u00e9ral ne va pas diminuer la dur\u00e9e r\u00e9elle d&#8217;activit\u00e9 de nombre de cotisants. Or, une premi\u00e8re simulation sur les hypoth\u00e8ses du Commissariat g\u00e9n\u00e9ral au Plan, toutes choses \u00e9gales par ailleurs, montre que l&#8217;allongement de la dur\u00e9e de cotisation \u00e0 42,5 ans ferait remonter le taux de ch\u00f4mage \u00e0 15 % ! Il faut augmenter la dur\u00e9e d&#8217;activit\u00e9 moyenne des futurs retrait\u00e9s, non en allongeant la dur\u00e9e de cotisation mais en cherchant \u00e0 relever le taux permanent d&#8217;activit\u00e9 dans la population active, en favorisant l&#8217;int\u00e9gration des jeunes, en limitant les mises \u00e0 l&#8217;\u00e9cart anticip\u00e9es des salari\u00e9s \u00e2g\u00e9s, en prenant en compte les p\u00e9riodes de formation, en offrant \u00e0 des centaines de milliers de salari\u00e9s \u00e0 temps partiel la possibilit\u00e9, qu&#8217;ils revendiquent, de travailler \u00e0 plein-temps.<\/p>\n<p><strong> Le danger d&#8217;une harmonisation des r\u00e9gimes par le bas <\/strong><\/p>\n<p>En troisi\u00e8me lieu, une plus grande solidarit\u00e9 entre r\u00e9gimes sp\u00e9ciaux et r\u00e9gime salari\u00e9 du secteur priv\u00e9 ne peut consister \u00e0 aligner les premiers sur une situation d\u00e9grad\u00e9e, ce qui aboutirait dans les deux champs \u00e0 ouvrir un boulevard aux fonds de pension. La CGT r\u00e9cuse toute harmonisation par le bas et estime que la priorit\u00e9 est de stopper la d\u00e9gradation enclench\u00e9e dans le secteur priv\u00e9. Il faut reconsid\u00e9rer les d\u00e9cisions prises depuis 1987, notamment la d\u00e9sindexation du calcul des retraites et mesurer l&#8217;extr\u00eame nocivit\u00e9 \u00e0 long terme des accords ARRCO-AGIRC du 25 avril 1996. Si ces d\u00e9cisions devaient \u00eatre maintenues en l&#8217;\u00e9tat, on assisterait \u00e0 un v\u00e9ritable effondrement du niveau relatif des retraites du secteur priv\u00e9 par rapport aux salaires d&#8217;activit\u00e9s. Ce taux de remplacement baisserait \u00e0 un quart d&#8217;ici 2020 et un tiers d&#8217;ici 2040, tombant en moyenne en dessous de 50 %. Cela veut dire qu&#8217;il faudra bien augmenter la contribution des entreprises et des budgets publics au financement des retraites, probl\u00e8me qui n&#8217;a pas vraiment \u00e9t\u00e9 pos\u00e9.<\/p>\n<p>La solidit\u00e9 d&#8217;un syst\u00e8me par r\u00e9partition tient \u00e0 la garantie d&#8217;un niveau donn\u00e9 de retraite aux futurs retrait\u00e9s. Si un doute s&#8217;installe sur cette garantie, les actifs vont d\u00e9serter le syst\u00e8me, au profit de solutions individuelles ou d&#8217;entreprises. C&#8217;est le basculement que veut ent\u00e9riner le patronat qui a annonc\u00e9 qu&#8217;il voulait passer &#8220;d&#8217;un syst\u00e8me \u00e0 cotisations variables et prestations d\u00e9finies \u00e0 un syst\u00e8me \u00e0 cotisations d\u00e9finies et \u00e0 prestations ajustables&#8221;. C&#8217;est la r\u00e9gression amorc\u00e9e dans le cadre AGIRC-ARRCO qui s&#8217;\u00e9tendrait \u00e0 la retraite de base.<\/p>\n<p><strong> L&#8217;exigence de modifier le mode de calcul des cotisations sociales <\/strong><\/p>\n<p>La seule mani\u00e8re de contrer cette d\u00e9rive, qui fait le jeu de l&#8217;individualisme et des march\u00e9s financiers, est de se donner une garantie \u00e0 long terme de taux de remplacement adapt\u00e9s \u00e0 tous les niveaux de salaires, notamment aux plus modestes. Cette garantie accro\u00eetrait la visibilit\u00e9 pour tous les actifs d&#8217;aujourd&#8217;hui et serait facteur de solidarit\u00e9. Si l&#8217;on veut maintenir le rapport actuel entre revenu d&#8217;activit\u00e9 et retraites per\u00e7ues, il faudra, selon les hypoth\u00e8ses les plus r\u00e9alistes, pr\u00e9lever 17 % environ du produit int\u00e9rieur brut pour les retraites. En effet, si la part des retrait\u00e9s au sens large passe de 21 % \u00e0 33 % de la population totale, il faudra bien relever dans la m\u00eame proportion la part du revenu national qui leur est consacr\u00e9e. Comment op\u00e9rer ce transfert ?<\/p>\n<p>Si l&#8217;on y ajoute les autres contributions sociales, la cotisation sociale th\u00e9orique repr\u00e9senterait l&#8217;\u00e9quivalent du salaire net des actifs. C&#8217;est cette augmentation de la part du revenu national consacr\u00e9 aux retraites qu&#8217;il faut organiser afin qu&#8217;elle soit accept\u00e9e et qu&#8217;elle n&#8217;ait pas d&#8217;impact n\u00e9gatif sur l&#8217;activit\u00e9. Cotisation salari\u00e9e, cotisation patronale r\u00e9form\u00e9e et contribution sp\u00e9cifique sur les revenus financiers doivent globalement y contribuer. Avec les exon\u00e9rations et la seule assiette salaire, les contributions des entreprises se sont relativement r\u00e9duites. Il est normal que toute la richesse cr\u00e9\u00e9e par les salari\u00e9s serve \u00e0 financer les retraites. Il est indispensable que les profits engrang\u00e9s contre l&#8217;emploi soient mis \u00e0 contribution. Le dossier des retraites justifie, par priorit\u00e9, notre exigence de modification du mode de calcul des cotisations sociales afin d&#8217;accro\u00eetre la contribution des entreprises.<\/p>\n<p>Il faut donc refonder le syst\u00e8me de r\u00e9partition pour le si\u00e8cle \u00e0 venir, comme cela a \u00e9t\u00e9 fait en 1945. Pour cela il y a besoin d&#8217;unit\u00e9 syndicale en France mais aussi de solidarit\u00e9s en Europe. C&#8217;est possible car tous les pays d&#8217;Europe continentale ont adopt\u00e9 et maintenu la r\u00e9partition comme base de leurs syst\u00e8mes de retraite. La CGT prendra ses responsabilit\u00e9s dans le d\u00e9bat qui va se d\u00e9velopper \u00e0 l&#8217;initiative du gouvernement. Cela passe par l&#8217;affirmation d&#8217;une d\u00e9marche revendicative en mati\u00e8re de retraite et d&#8217;emploi pour r\u00e9pondre aux besoins des salari\u00e9s d&#8217;aujourd&#8217;hui et de demain. L&#8217;unit\u00e9 des organisations syndicales est notre principal atout.<\/p>\n<p>*Secr\u00e9taire de la CGT, responsable du secteur \u00e9conomique.<\/p>\n","protected":false},"excerpt":{"rendered":"<p> Les retrait\u00e9s, 21 % de la population totale aujourd&#8217;hui, en repr\u00e9senteront 33 % au si\u00e8cle prochain. La part du revenu national qui leur est consacr\u00e9e devra bien \u00eatre relev\u00e9e dans les m\u00eames proportions ! <\/p>\n","protected":false},"author":1,"featured_media":0,"comment_status":"open","ping_status":"open","sticky":false,"template":"","format":"standard","meta":{"_themeisle_gutenberg_block_has_review":false,"footnotes":""},"categories":[141],"tags":[304],"class_list":["post-1473","post","type-post","status-publish","format-standard","hentry","category-archives-web","tag-travail"],"_links":{"self":[{"href":"https:\/\/archives.regards.fr\/index.php?rest_route=\/wp\/v2\/posts\/1473","targetHints":{"allow":["GET"]}}],"collection":[{"href":"https:\/\/archives.regards.fr\/index.php?rest_route=\/wp\/v2\/posts"}],"about":[{"href":"https:\/\/archives.regards.fr\/index.php?rest_route=\/wp\/v2\/types\/post"}],"author":[{"embeddable":true,"href":"https:\/\/archives.regards.fr\/index.php?rest_route=\/wp\/v2\/users\/1"}],"replies":[{"embeddable":true,"href":"https:\/\/archives.regards.fr\/index.php?rest_route=%2Fwp%2Fv2%2Fcomments&post=1473"}],"version-history":[{"count":0,"href":"https:\/\/archives.regards.fr\/index.php?rest_route=\/wp\/v2\/posts\/1473\/revisions"}],"wp:attachment":[{"href":"https:\/\/archives.regards.fr\/index.php?rest_route=%2Fwp%2Fv2%2Fmedia&parent=1473"}],"wp:term":[{"taxonomy":"category","embeddable":true,"href":"https:\/\/archives.regards.fr\/index.php?rest_route=%2Fwp%2Fv2%2Fcategories&post=1473"},{"taxonomy":"post_tag","embeddable":true,"href":"https:\/\/archives.regards.fr\/index.php?rest_route=%2Fwp%2Fv2%2Ftags&post=1473"}],"curies":[{"name":"wp","href":"https:\/\/api.w.org\/{rel}","templated":true}]}}