{"id":1424,"date":"1999-05-01T00:00:00","date_gmt":"1999-04-30T22:00:00","guid":{"rendered":"https:\/\/wp.muchomaas.com\/makena-diop-conteur-voulez-vous1424\/"},"modified":"1999-05-01T00:00:00","modified_gmt":"1999-04-30T22:00:00","slug":"makena-diop-conteur-voulez-vous1424","status":"publish","type":"post","link":"https:\/\/archives.regards.fr\/?p=1424","title":{"rendered":"Mak\u00e9na Diop, conteur: &#8216;Voulez-vous partager cette histoire?&#8217;"},"content":{"rendered":"<p>Mak\u00e9na Diop, conteur, acteur, metteur en espace s\u00e9n\u00e9galais, a con\u00e7u, avec Catherine Ruelle pour Racines noires le projet &#8220;Cin\u00e9-conte&#8221;. Il sera \u00e0 Cannes, pour mettre en sc\u00e8ne, presque chaque soir, avec des musiciens, des po\u00e8tes, des conteurs, des peintres, dans l&#8217;espace de la CCAS, des moments magiques qui emm\u00e8nera chacun &#8220;de l&#8217;image au verbe&#8221;. <\/p>\n<p>&#8220;Je suis n\u00e9&#8221;, dit-il, &#8220;dans un milieu de conteurs. Mon oncle \u00e9tait conteur populaire. Jeune, je l&#8217;ai souvent suivi et je me suis rendu compte qu&#8217;avec sa mati\u00e8re, il \u00e9tait son auteur, son metteur en espace et son acteur, et qu&#8217;il utilisait une langue souvent en mouvement, une langue o\u00f9 le verbe lui-m\u00eame contenait l&#8217;image. J&#8217;ai donc appris \u00e0 approcher le spectacle vivant \u00e0 travers le conte. Une fois au conservatoire, j&#8217;ai appris qu&#8217;il y avait des disciplines s\u00e9par\u00e9es, \u00e9videmment : il y avait un auteur, il y avait un metteur en sc\u00e8ne, il y avait un com\u00e9dien. Moi, j&#8217;ai toujours voulu synth\u00e9tiser les trois en un seul mouvement. Je me suis demand\u00e9 comment ces trois choses pouvaient cheminer en m\u00eame temps. <\/p>\n<p>J&#8217;ai rencontr\u00e9 Catherine Ruelle et sa passion du cin\u00e9ma, et en parlant \u00e0 b\u00e2tons rompus il est venu un moment o\u00f9 nous avons parl\u00e9 du verbe et de l&#8217;image : quel rapport le verbe pouvait-il avoir avec l&#8217;image, est-ce que l&#8217;image \u00e9tait verbe, est-ce que le verbe lui-m\u00eame \u00e9tait l&#8217;image ? A partir de ces interrogations, il y avait la possibilit\u00e9 de trouver un lien qui permettrait au conteur de r\u00e9duire la distance entre l&#8217;imaginaire qui na\u00eet du verbe quand on l&#8217;entend, et l&#8217;imaginaire qu&#8217;on peut trouver au cin\u00e9ma. C&#8217;est ainsi que \u00ab Cin\u00e9-conte \u00bb a pris forme.<\/p>\n<p>&#8220;J&#8217;avais aussi une autre pr\u00e9occupation qui est au coeur de ma r\u00e9flexion sur l&#8217;expression cin\u00e9matographique des cin\u00e9astes africains. Je me suis rendu compte que si le cin\u00e9ma, aujourd&#8217;hui en Afrique, n&#8217;arrive pas \u00e0 d\u00e9coller dans une certaine mesure ni \u00e0 se nommer lui-m\u00eame, c&#8217;est que, pendant tr\u00e8s longtemps, les r\u00e9alisateurs ont voulu faire des devoirs d&#8217;\u00e9cole face \u00e0 des \u00ab d\u00e9cideurs \u00bb qui disaient, \u00e0 partir de certains canons, de certains crit\u00e8res, ce qu&#8217;\u00e9tait un film acceptable, ce qu&#8217;\u00e9tait un bon film. Ce faisant ils s&#8217;\u00e9loignaient un peu de leur mati\u00e8re et de leur vraie parole. Et parce qu&#8217;ils viennent d&#8217;un lieu o\u00f9 le conte est aussi valeur d&#8217;identit\u00e9, comment pouvaient-ils nommer leur propre \u00eatre \u00e0 travers un support devenu universel ? En disant qu&#8217;ils peuvent utiliser l&#8217;image pour lui faire dire ce qu&#8217;on veut lui faire dire \u00e0 soi&#8230;.&#8221;<\/p>\n","protected":false},"excerpt":{"rendered":"<p>Mak\u00e9na Diop, conteur, acteur, metteur en espace s\u00e9n\u00e9galais, a con\u00e7u, avec Catherine Ruelle pour Racines noires le projet &#8220;Cin\u00e9-conte&#8221;. Il sera \u00e0 Cannes, pour mettre en sc\u00e8ne, presque chaque soir, avec des musiciens, des po\u00e8tes, des conteurs, des peintres, dans l&#8217;espace de la CCAS, des moments magiques qui emm\u00e8nera chacun &#8220;de l&#8217;image au verbe&#8221;. &#8220;Je [&hellip;]<\/p>\n","protected":false},"author":1,"featured_media":0,"comment_status":"open","ping_status":"open","sticky":false,"template":"","format":"standard","meta":{"_themeisle_gutenberg_block_has_review":false,"footnotes":""},"categories":[141],"tags":[299],"class_list":["post-1424","post","type-post","status-publish","format-standard","hentry","category-archives-web","tag-cinema"],"_links":{"self":[{"href":"https:\/\/archives.regards.fr\/index.php?rest_route=\/wp\/v2\/posts\/1424","targetHints":{"allow":["GET"]}}],"collection":[{"href":"https:\/\/archives.regards.fr\/index.php?rest_route=\/wp\/v2\/posts"}],"about":[{"href":"https:\/\/archives.regards.fr\/index.php?rest_route=\/wp\/v2\/types\/post"}],"author":[{"embeddable":true,"href":"https:\/\/archives.regards.fr\/index.php?rest_route=\/wp\/v2\/users\/1"}],"replies":[{"embeddable":true,"href":"https:\/\/archives.regards.fr\/index.php?rest_route=%2Fwp%2Fv2%2Fcomments&post=1424"}],"version-history":[{"count":0,"href":"https:\/\/archives.regards.fr\/index.php?rest_route=\/wp\/v2\/posts\/1424\/revisions"}],"wp:attachment":[{"href":"https:\/\/archives.regards.fr\/index.php?rest_route=%2Fwp%2Fv2%2Fmedia&parent=1424"}],"wp:term":[{"taxonomy":"category","embeddable":true,"href":"https:\/\/archives.regards.fr\/index.php?rest_route=%2Fwp%2Fv2%2Fcategories&post=1424"},{"taxonomy":"post_tag","embeddable":true,"href":"https:\/\/archives.regards.fr\/index.php?rest_route=%2Fwp%2Fv2%2Ftags&post=1424"}],"curies":[{"name":"wp","href":"https:\/\/api.w.org\/{rel}","templated":true}]}}