{"id":1423,"date":"1999-05-01T00:00:00","date_gmt":"1999-04-30T22:00:00","guid":{"rendered":"https:\/\/wp.muchomaas.com\/cheick-oumar-sissoko-cineaste-un1423\/"},"modified":"1999-05-01T00:00:00","modified_gmt":"1999-04-30T22:00:00","slug":"cheick-oumar-sissoko-cineaste-un1423","status":"publish","type":"post","link":"https:\/\/archives.regards.fr\/?p=1423","title":{"rendered":"Cheick Oumar Sissoko, cin\u00e9aste: &#8216;Un sentiment d&#8217;urgence&#8217;"},"content":{"rendered":"<p>Oumar Cheick Sissoko, qui sera pr\u00e9sent dans la manifestation de la CCAS, et dans la comp\u00e9tition officielle d&#8217; &#8220;Un Certain Regard&#8221;, n&#8217;a jamais arr\u00eat\u00e9 de s&#8217;interroger sur le r\u00f4le du cin\u00e9ma en Afrique, et sur la forme d&#8217;expression cin\u00e9matographique la mieux adapt\u00e9e pour instaurer un dialogue avec le public :<\/p>\n<p>C&#8217;est vraiment la politique&#8221; dit-il, &#8220;qui m&#8217;a amen\u00e9 au cin\u00e9ma.&#8221;&#8221;Je faisais des \u00e9tudes de math\u00e9matiques en France, j&#8217;\u00e9tais aussi un militant de la F\u00e9d\u00e9ration des \u00e9tudiants d&#8217;Afrique noire, avec des id\u00e9aux de libert\u00e9 et de justice sociale. Et militant CGT l\u00e0 o\u00f9 je travaillais. Dans ce formidable bouillonnement de solidarit\u00e9 du peuple de France, dans la rue, avec le Chili, le Vietnam, l&#8217;Afrique du Sud, j&#8217;ai \u00e9t\u00e9 amen\u00e9 \u00e0 me poser des questions : qu&#8217;allais-je faire, en tant que professeur de math\u00e9matiques, en Afrique o\u00f9, seuls les partis uniques font la loi, o\u00f9 il n&#8217;y a ni libert\u00e9 d&#8217;expression, ni libert\u00e9 d&#8217;association, ni libert\u00e9 d&#8217;opinion, et pas de libre acc\u00e8s aux m\u00e9dias ? J&#8217;ai pens\u00e9 faire du th\u00e9\u00e2tre et puis je suis venu au cin\u00e9ma, apr\u00e8s avoir fait des \u00e9tudes d&#8217;histoire et de sociologie qui m&#8217;ont donn\u00e9 une m\u00e9thodologie de travail. J&#8217;ai \u00e9galement suivi des cours \u00e0 l&#8217;\u00e9cole Louis Lumi\u00e8re. Tous les films que j&#8217;ai r\u00e9alis\u00e9s l&#8217;ont \u00e9t\u00e9 impuls\u00e9s par un sentiment d&#8217;urgence, qu&#8217;ils soient documentaires comme l&#8217;Ecole malienne, S\u00e9cheresse et exode rural, et plus tard, Etre jeunes \u00e0 Bamako ou de fiction comme Nyamanton ou la le\u00e7on des ordures : j&#8217;ai vu la situation des enfants, au Mali, moi qui avais \u00e9t\u00e9 \u00e0 l&#8217;\u00e9cole les mains dans les poches : ils \u00e9taient dans les rues, ou, quand ils avaient les moyens d&#8217;aller \u00e0 l&#8217;\u00e9cole, ils portaient leur banc sur la t\u00eate.<\/p>\n<p>J&#8217;ai, ensuite, voulu aborder le probl\u00e8me de la violence que subissait la femme soumise \u00e0 la loi de l&#8217;excision et du l\u00e9virat, avec Finzan. Puis je me suis retrouv\u00e9 dans un groupe clandestin qui a cr\u00e9\u00e9 une association, le Comit\u00e9 national d&#8217;initiatives pour le progr\u00e8s, le CENID, pour rassembler les Maliens et exiger la d\u00e9mocratie. Apr\u00e8s la chute du dictateur Moussa Traor\u00e9, il a fallu mettre en place des institutions qui tiennent. Comme directeur du centre du cin\u00e9ma malien, avec mes collaborateurs, nous avons essay\u00e9 de faire avancer les choses, mais il n&#8217;y avait pas de volont\u00e9 politique de la part de nos dirigeants : il y a des urgences, disaient-ils. Je trouve assez irresponsable de la part de l&#8217;\u00e9tat de dire que la culture et la nourriture de l&#8217;esprit ne sont pas des priorit\u00e9s dans les pays comme les n\u00f4tres, car elles permettent de comprendre les probl\u00e8mes de la soci\u00e9t\u00e9 et d&#8217;y faire face. Rares sont les pays africains qui l&#8217;ont compris. A part le Burkina Faso&#8230;&#8221;<\/p>\n","protected":false},"excerpt":{"rendered":"<p>Oumar Cheick Sissoko, qui sera pr\u00e9sent dans la manifestation de la CCAS, et dans la comp\u00e9tition officielle d&#8217; &#8220;Un Certain Regard&#8221;, n&#8217;a jamais arr\u00eat\u00e9 de s&#8217;interroger sur le r\u00f4le du cin\u00e9ma en Afrique, et sur la forme d&#8217;expression cin\u00e9matographique la mieux adapt\u00e9e pour instaurer un dialogue avec le public : C&#8217;est vraiment la politique&#8221; dit-il, [&hellip;]<\/p>\n","protected":false},"author":1,"featured_media":0,"comment_status":"open","ping_status":"open","sticky":false,"template":"","format":"standard","meta":{"_themeisle_gutenberg_block_has_review":false,"footnotes":""},"categories":[141],"tags":[299],"class_list":["post-1423","post","type-post","status-publish","format-standard","hentry","category-archives-web","tag-cinema"],"_links":{"self":[{"href":"https:\/\/archives.regards.fr\/index.php?rest_route=\/wp\/v2\/posts\/1423","targetHints":{"allow":["GET"]}}],"collection":[{"href":"https:\/\/archives.regards.fr\/index.php?rest_route=\/wp\/v2\/posts"}],"about":[{"href":"https:\/\/archives.regards.fr\/index.php?rest_route=\/wp\/v2\/types\/post"}],"author":[{"embeddable":true,"href":"https:\/\/archives.regards.fr\/index.php?rest_route=\/wp\/v2\/users\/1"}],"replies":[{"embeddable":true,"href":"https:\/\/archives.regards.fr\/index.php?rest_route=%2Fwp%2Fv2%2Fcomments&post=1423"}],"version-history":[{"count":0,"href":"https:\/\/archives.regards.fr\/index.php?rest_route=\/wp\/v2\/posts\/1423\/revisions"}],"wp:attachment":[{"href":"https:\/\/archives.regards.fr\/index.php?rest_route=%2Fwp%2Fv2%2Fmedia&parent=1423"}],"wp:term":[{"taxonomy":"category","embeddable":true,"href":"https:\/\/archives.regards.fr\/index.php?rest_route=%2Fwp%2Fv2%2Fcategories&post=1423"},{"taxonomy":"post_tag","embeddable":true,"href":"https:\/\/archives.regards.fr\/index.php?rest_route=%2Fwp%2Fv2%2Ftags&post=1423"}],"curies":[{"name":"wp","href":"https:\/\/api.w.org\/{rel}","templated":true}]}}