{"id":1422,"date":"1999-05-01T00:00:00","date_gmt":"1999-04-30T22:00:00","guid":{"rendered":"https:\/\/wp.muchomaas.com\/cine-conte-est-ne-un-mercredi1422\/"},"modified":"1999-05-01T00:00:00","modified_gmt":"1999-04-30T22:00:00","slug":"cine-conte-est-ne-un-mercredi1422","status":"publish","type":"post","link":"https:\/\/archives.regards.fr\/?p=1422","title":{"rendered":"&#8216;Cin\u00e9-conte&#8217; est n\u00e9 un mercredi apr\u00e8s-midi"},"content":{"rendered":"<p>Ce jour-l\u00e0, un mercredi apr\u00e8s-midi du mois de mars 1999, au Forum des images o\u00f9 s&#8217;\u00e9taient d\u00e9roul\u00e9es, \u00e0 la mi-\u00e9t\u00e9 pr\u00e9c\u00e9dent, les &#8220;Rencontres des cin\u00e9mas du monde noir&#8221; organis\u00e9es par l&#8217;association Racines noires, les jeunes spectateurs venus voir le film du cin\u00e9aste malien Cheick Oumar Sissoko, &#8220;Guimba&#8221;, eurent la surprise d&#8217;\u00eatre introduits dans le film d&#8217;une fa\u00e7on inhabituelle. Apr\u00e8s une pr\u00e9sentation de cette oeuvre par le cin\u00e9aste lui-m\u00eame, un conteur, Mak\u00e9na Diop, s&#8217;avan\u00e7a sur la sc\u00e8ne qu&#8217;habillait un sobre et color\u00e9 d\u00e9cor con\u00e7u par un artiste peintre sur tissages s\u00e9n\u00e9galais, Diafara Kane. Accompagnaient ou pr\u00e9c\u00e9daient Mak\u00e9na Diop en musique Jean-Baptiste T\u00e9m\u00e9l\u00e9, po\u00e8te, et Aly Wague, compositeur, musicien fl\u00fbtis-te. Mak\u00e9na Diop s&#8217;adressa aux spectateurs : &#8220;Avez-vous la paix ?&#8221; &#8220;Oui !&#8221; r\u00e9pondit le public, voix m\u00eal\u00e9es. &#8220;Avez-vous la paix du corps et celle de l&#8217;esprit ?&#8221; demanda encore Mak\u00e9na Diop. Et il commen\u00e7a son histoire, apr\u00e8s avoir encore interpell\u00e9 le public : &#8220;Voulez-vous la partager cette histoire ? Je n&#8217;ai pas dit l&#8217;\u00e9couter mais la partager&#8230;&#8221; La parole \u00e9tait ainsi lanc\u00e9e, une parole multiple, ouverte sur l&#8217;imaginaire et une manifestation artistique, &#8220;Cin\u00e9-conte&#8221;, \u00e9tait n\u00e9e.<\/p>\n<p><strong> &#8220;Avez-vous la paix du corps et celle de l&#8217;esprit ?&#8221; <\/strong><\/p>\n<p>Le samedi apr\u00e8s-midi suivant, \u00e0 l&#8217;Ecran de Saint-Denis, un autre public d&#8217;enfants, d&#8217;adolescents et d&#8217;adultes r\u00e9unis, se retrouvaient pour un nouveau mariage du conte et du cin\u00e9ma, du verbe et de l&#8217;image, Cheick Oumar Sissoko le cin\u00e9aste, Aly Wague le compositeur\/musicien fl\u00fbtiste et Seydina Insa Wade, musicien po\u00e8te et conteur. L&#8217;apr\u00e8s-midi se d\u00e9roula diff\u00e9remment tant sont libres la parole du conteur et celle des musiciens, accueillies et renvoy\u00e9es par le public qui accepte d&#8217;entrer dans le jeu. Cette fois-l\u00e0 Cheick Oumar Sissoko prit la parole en dernier et pr\u00e9senta son film : c&#8217;\u00e9tait aussi Guimba : selon le mode de r\u00e9cit oral, juste avant que soit lanc\u00e9e la premi\u00e8re image de ce film, surprenant par sa forme \u00e0 laquelle ne nous avait pas habitu\u00e9 son auteur, avec ses pr\u00e9c\u00e9-dents films, tellement ancr\u00e9s dans une dure r\u00e9alit\u00e9 sociale contemporaine, tels Nyamanton, la le\u00e7on des ordures ou Finzan. A peine la projection termin\u00e9e, le dialogue public-cin\u00e9aste reprit, soutenu par les voix des musiciens et de leurs instruments, mettant en mouvement tout un questionnement sur &#8220;l&#8217;autre&#8221;, \u00e0 la fois proche et \u00e9tranger.<\/p>\n","protected":false},"excerpt":{"rendered":"<p>Ce jour-l\u00e0, un mercredi apr\u00e8s-midi du mois de mars 1999, au Forum des images o\u00f9 s&#8217;\u00e9taient d\u00e9roul\u00e9es, \u00e0 la mi-\u00e9t\u00e9 pr\u00e9c\u00e9dent, les &#8220;Rencontres des cin\u00e9mas du monde noir&#8221; organis\u00e9es par l&#8217;association Racines noires, les jeunes spectateurs venus voir le film du cin\u00e9aste malien Cheick Oumar Sissoko, &#8220;Guimba&#8221;, eurent la surprise d&#8217;\u00eatre introduits dans le film [&hellip;]<\/p>\n","protected":false},"author":1,"featured_media":0,"comment_status":"open","ping_status":"open","sticky":false,"template":"","format":"standard","meta":{"_themeisle_gutenberg_block_has_review":false,"footnotes":""},"categories":[141],"tags":[299],"class_list":["post-1422","post","type-post","status-publish","format-standard","hentry","category-archives-web","tag-cinema"],"_links":{"self":[{"href":"https:\/\/archives.regards.fr\/index.php?rest_route=\/wp\/v2\/posts\/1422","targetHints":{"allow":["GET"]}}],"collection":[{"href":"https:\/\/archives.regards.fr\/index.php?rest_route=\/wp\/v2\/posts"}],"about":[{"href":"https:\/\/archives.regards.fr\/index.php?rest_route=\/wp\/v2\/types\/post"}],"author":[{"embeddable":true,"href":"https:\/\/archives.regards.fr\/index.php?rest_route=\/wp\/v2\/users\/1"}],"replies":[{"embeddable":true,"href":"https:\/\/archives.regards.fr\/index.php?rest_route=%2Fwp%2Fv2%2Fcomments&post=1422"}],"version-history":[{"count":0,"href":"https:\/\/archives.regards.fr\/index.php?rest_route=\/wp\/v2\/posts\/1422\/revisions"}],"wp:attachment":[{"href":"https:\/\/archives.regards.fr\/index.php?rest_route=%2Fwp%2Fv2%2Fmedia&parent=1422"}],"wp:term":[{"taxonomy":"category","embeddable":true,"href":"https:\/\/archives.regards.fr\/index.php?rest_route=%2Fwp%2Fv2%2Fcategories&post=1422"},{"taxonomy":"post_tag","embeddable":true,"href":"https:\/\/archives.regards.fr\/index.php?rest_route=%2Fwp%2Fv2%2Ftags&post=1422"}],"curies":[{"name":"wp","href":"https:\/\/api.w.org\/{rel}","templated":true}]}}