{"id":14,"date":"2014-11-29T00:00:00","date_gmt":"2014-11-28T23:00:00","guid":{"rendered":"https:\/\/wp.muchomaas.com\/breve-bernard-henri-levy\/"},"modified":"2014-11-29T00:00:00","modified_gmt":"2014-11-28T23:00:00","slug":"breve-bernard-henri-levy","status":"publish","type":"post","link":"https:\/\/archives.regards.fr\/?p=14","title":{"rendered":"Bernard-Henri L\u00e9vy"},"content":{"rendered":"<p><em> \u00ab Je persiste \u00e0 penser que, m\u00eame si je suis plut\u00f4t de gauche, Sarkozy est le meilleur \u00e0 droite sur deux sujets qui sont pour moi tr\u00e8s importants : le Front national et la politique \u00e9trang\u00e8re. \u00bb<\/em> (Nice-Matin, 29\/11\/2014)<\/p>\n","protected":false},"excerpt":{"rendered":"<p>\u00ab Je persiste \u00e0 penser que, m\u00eame si je suis plut\u00f4t de gauche, Sarkozy est le meilleur \u00e0 droite sur deux sujets qui sont pour moi tr\u00e8s importants : le Front national et la politique \u00e9trang\u00e8re. \u00bb (Nice-Matin, 29\/11\/2014)<\/p>\n","protected":false},"author":1,"featured_media":0,"comment_status":"open","ping_status":"open","sticky":false,"template":"","format":"standard","meta":{"_themeisle_gutenberg_block_has_review":false,"footnotes":""},"categories":[284],"tags":[],"class_list":["post-14","post","type-post","status-publish","format-standard","hentry","category-declarama-breves"],"_links":{"self":[{"href":"https:\/\/archives.regards.fr\/index.php?rest_route=\/wp\/v2\/posts\/14","targetHints":{"allow":["GET"]}}],"collection":[{"href":"https:\/\/archives.regards.fr\/index.php?rest_route=\/wp\/v2\/posts"}],"about":[{"href":"https:\/\/archives.regards.fr\/index.php?rest_route=\/wp\/v2\/types\/post"}],"author":[{"embeddable":true,"href":"https:\/\/archives.regards.fr\/index.php?rest_route=\/wp\/v2\/users\/1"}],"replies":[{"embeddable":true,"href":"https:\/\/archives.regards.fr\/index.php?rest_route=%2Fwp%2Fv2%2Fcomments&post=14"}],"version-history":[{"count":0,"href":"https:\/\/archives.regards.fr\/index.php?rest_route=\/wp\/v2\/posts\/14\/revisions"}],"wp:attachment":[{"href":"https:\/\/archives.regards.fr\/index.php?rest_route=%2Fwp%2Fv2%2Fmedia&parent=14"}],"wp:term":[{"taxonomy":"category","embeddable":true,"href":"https:\/\/archives.regards.fr\/index.php?rest_route=%2Fwp%2Fv2%2Fcategories&post=14"},{"taxonomy":"post_tag","embeddable":true,"href":"https:\/\/archives.regards.fr\/index.php?rest_route=%2Fwp%2Fv2%2Ftags&post=14"}],"curies":[{"name":"wp","href":"https:\/\/api.w.org\/{rel}","templated":true}]}}