{"id":13996,"date":"2023-03-14T14:00:14","date_gmt":"2023-03-14T13:00:14","guid":{"rendered":"https:\/\/wp.muchomaas.com\/article-retraites-apres-le-coup-de-force-democratique-quelles-resistances\/"},"modified":"2023-06-24T00:35:24","modified_gmt":"2023-06-23T22:35:24","slug":"article-retraites-apres-le-coup-de-force-democratique-quelles-resistances","status":"publish","type":"post","link":"https:\/\/archives.regards.fr\/?p=13996","title":{"rendered":"Retraites : apr\u00e8s le coup de force d\u00e9mocratique, quelles r\u00e9sistances ?"},"content":{"rendered":"<p class=\"post_excerpt\">Tout devrait se jouer ce jeudi : adoption ou rejet de la r\u00e9forme des retraites, 49.3 ou motion de censure, dissolution de l&#8217;Assembl\u00e9e nationale ? Le tout avec la rue mobilis\u00e9e en fond sonore.<\/p>\n<p><em>\u00ab Les Fran\u00e7ais doivent savoir que c&#8217;est un coup d&#8217;\u00c9tat que vous venez de d\u00e9clencher ici au S\u00e9nat. Vous allez tristement marquer l&#8217;histoire. \u00bb<\/em> Ces mots sont <a href=\"https:\/\/twitter.com\/publicsenat\/status\/1634151352401108992\">ceux de la s\u00e9natrice socialiste Sabine Van Heghe<\/a>, que l&#8217;on pourrait difficilement qualifier d&#8217;<em>\u00ab anarchiste d&#8217;extr\u00eame gauche \u00bb<\/em>, <a href=\"https:\/\/twitter.com\/JulesPec\/status\/1536233225730785280\">n&#8217;en d\u00e9plaise aux macronistes<\/a>. Voil\u00e0 pour l&#8217;ambiance.<\/p>\n<p>&nbsp;<\/p>\n<p>\n<strong>LIRE AUSSI SUR REGARDS.FR<br \/>\n>><\/strong> <em><a href=\"https:\/\/wp.muchomaas.com\/actu\/article\/retraites-qui-sont-les-31-deputes-qui-vont-faire-basculer-le-vote-de-la-reforme\">Retraites : qui sont les 30 d\u00e9put\u00e9s qui vont faire basculer le vote de la r\u00e9forme ?<\/a><\/em><\/p>\n<p>&nbsp;<\/p>\n<p>47.1, 44.2, 44.3, article 38 du r\u00e8glement du S\u00e9nat\u2026 et pour finir 49.3 ?[[L&#8217;<a href=\"https:\/\/actu.fr\/societe\/retraites-c-est-quoi-l-article-47-1-l-arme-du-gouvernement-pour-accelerer-la-reforme_56819654.html\">article 47.1<\/a> de la Constitution permet de r\u00e9duire les d\u00e9bat \u00e0 l&#8217;Assembl\u00e9e nationale ; le <a href=\"https:\/\/www.laprovence.com\/actu\/en-direct\/22757717409808\/reforme-des-retraites-le-gouvernement-declenche-larticle-44-2-de-la-constitution-pour-tenter-a-nouveau-daccelerer-les-debats-au-senat\">44.2<\/a> bloque les amendements ; le <a href=\"https:\/\/actu.fr\/politique\/reforme-des-retraites-le-debat-patine-au-senat-la-gauche-denonce-un-coup-de-force_57978488.html\">44.3<\/a> organise un vote bloqu\u00e9 ; l&#8217;<a href=\"https:\/\/www.lejdd.fr\/politique\/quest-ce-que-larticle-38-du-reglement-du-senat-132915\">article 38 du r\u00e8glement du S\u00e9nat<\/a> permet de r\u00e9duire les d\u00e9bats au S\u00e9nat.]] Voil\u00e0 pour les chiffres, ceux du coup de force de l&#8217;ex\u00e9cutif pour faire passer sa r\u00e9forme des retraites. Quoi qu&#8217;il en co\u00fbte.<\/p>\n<p>Pourquoi un tel besoin d&#8217;autoritarisme ? La r\u00e9ponse est limpide : le gouvernement ne veut pas d\u00e9battre de son projet de r\u00e9forme et veut en finir rapidement. Pas de d\u00e9bat, pour ne pas avoir \u00e0 justifier publiquement des effets d\u00e9l\u00e9t\u00e8res de la r\u00e9forme \u2013 cf. les mensonges concernant l&#8217;<a href=\"https:\/\/wp.muchomaas.com\/actu\/article\/reforme-des-retraites\">impact sur les femmes<\/a>, <a href=\"https:\/\/wp.muchomaas.com\/actu\/economie\/mad-marx\/article\/minimum-retraite-a-1200-euros-chronique-d-un-accident-industriel\">le minimum retraite \u00e0 1200\u20ac<\/a>, etc. En finir vite, passer vite \u00e0 autre chose, pour ne pas laisser le pays s&#8217;engoncer dans la gr\u00e8ve.<\/p>\n<p>Pour le timing, la semaine derni\u00e8re, les deux premi\u00e8res \u00e9tapes l\u00e9gislatives ont \u00e9t\u00e9 pass\u00e9es : l&#8217;Assembl\u00e9e et le S\u00e9nat. La premi\u00e8re chambre n&#8217;a quasiment rien vot\u00e9 \u2013 tout juste les deux premiers articles de la loi. La seconde en a fait une r\u00e9forme sign\u00e9e Les R\u00e9publicains \u2013 sans parvenir \u00e0 concilier l&#8217;ensemble des LR !<\/p>\n<p>Troisi\u00e8me \u00e9preuve pour le triumvirat Macron-Borne-Dussopt : la commission mixte paritaire, <em>aka<\/em> la CMP, qui r\u00e9unira ce mercredi sept d\u00e9put\u00e9s et sept s\u00e9nateurs afin de faire ressortir un texte commun \u2013 une formalit\u00e9 o\u00f9 les leaders LR et Renaissance vont se faire des papouilles \u00e0 huis clos car <em>\u00ab la majorit\u00e9 pr\u00e9sidentielle et la droite disposeront de 10 des 14 si\u00e8ges au sein de cette commission \u00bb<\/em>, <a href=\"https:\/\/www.francetvinfo.fr\/economie\/retraite\/reforme-des-retraites\/reforme-des-retraites-quel-est-le-programme-pour-le-projet-de-loi-apres-son-adoption-au-senat_5703779.html#xtor=RSS-3-%5Bpolitique%5D\">pr\u00e9cise<\/a> franceinfo. Ce mercredi m\u00eame aura lieu une nouvelle journ\u00e9e de mobilisation dans toute la France.<\/p>\n<p>Le texte de la discorde doit ensuite \u00eatre soumis aux votes des deux chambres. C&#8217;est l\u00e0 que \u00e7a se corse. <em>\u00ab C&#8217;est la roulette russe ou c&#8217;est la grosse Bertha \u00bb<\/em>, <a href=\"https:\/\/www.francetvinfo.fr\/economie\/retraite\/reforme-des-retraites\/ca-peut-bouger-jusqu-au-dernier-moment-les-deputes-des-republicains-vont-ils-voter-la-reforme-des-retraites_5707046.html#xtor=RSS-3-%5Bpolitique%5D\">r\u00e9sume<\/a> parfaitement le chef de file des s\u00e9nateurs LR Bruno Retailleau. <\/p>\n<h2>Le 49.3, et apr\u00e8s ?<\/h2>\n<p>Tout le monde ne parle que de \u00e7a. M\u00eame les membres du gouvernement (en employant la n\u00e9gative, ce qui n&#8217;\u00e9chappe \u00e0 personne). Et pour cause : le S\u00e9nat, s&#8217;il a vot\u00e9 sans faiblir la r\u00e9forme, montre \u00e0 quel point la droite est f\u00e9brile. En premi\u00e8re lecture, elle n&#8217;a pas franchement pl\u00e9biscit\u00e9 la r\u00e9forme des retraite : <a href=\"http:\/\/www.senat.fr\/scrutin-public\/2022\/scr2022-249.html\">chez les LR, on compte 18 abstentions et 6 votes contre<\/a>. C&#8217;est ce jeudi 16 mars, au matin, que les s\u00e9nateurs s&#8217;exprimeront pour la derni\u00e8re fois. L&#8217;apr\u00e8s-midi, la r\u00e9forme fera son grand retour \u00e0 l&#8217;Assembl\u00e9e. Tout le monde s&#8217;accorde sur un point : \u00e7a se jouera \u00e0 une voix pr\u00e8s. Alors, par peur de la d\u00e9confiture, \u00c9lisabeth Borne devrait recourir \u00e0 l&#8217;article 49.3. <em>\u00ab On n\u2019ira pas au vote si on sait qu\u2019on va perdre \u00bb<\/em>, <a href=\"https:\/\/www.lemonde.fr\/politique\/article\/2023\/03\/14\/reforme-des-retraites-elisabeth-borne-devant-le-risque-du-49-3_6165379_823448.html\">dit-on \u00e0 Matignon<\/a>.<\/p>\n<p>Comment qualifier une d\u00e9mocratie o\u00f9 une loi est adopt\u00e9e sans jamais avoir \u00e9t\u00e9 vot\u00e9e par la repr\u00e9sentation nationale ? On vous laisse y r\u00e9fl\u00e9chir.<\/p>\n<div style=\"width:100%;height:0;padding-bottom:56%;position:relative;\"><iframe loading=\"lazy\" src=\"https:\/\/giphy.com\/embed\/QlkDXmKtaFOBa\" width=\"100%\" height=\"100%\" style=\"position:absolute\" frameBorder=\"0\" class=\"giphy-embed\" allowFullScreen><\/iframe><\/div>\n<p><a href=\"https:\/\/giphy.com\/gifs\/franceinfo-citation-emmanuel-macron-QlkDXmKtaFOBa\">via GIPHY<\/a><\/p>\n<p>Qui dit 49.3 dit\u2026 engagement de la responsabilit\u00e9 du gouvernement. Et \u00e7a, \u00c9lisabeth Borne n&#8217;aime pas trop[[On se souvient que lors de son discours de politique g\u00e9n\u00e9rale, apr\u00e8s sa nomination \u00e0 Matignon, \u00c9lisabeth Borne s&#8217;\u00e9tait refus\u00e9e au traditionnel vote des d\u00e9put\u00e9s \u2013 le vote sur la confiance, qui d\u00e9limite la majorit\u00e9 et l&#8217;opposition \u2013, par peur d&#8217;appara\u00eetre comme \u00e0 la t\u00eate d&#8217;une majorit\u00e9\u2026 minoritaire.]]. Ainsi donc, en passant en force, l&#8217;ex\u00e9cutif pousserait le l\u00e9gislatif \u00e0 r\u00e9pondre coup pour coup, en enclenchant une motion de censure. <a href=\"https:\/\/www.bfmtv.com\/politique\/parlement\/retraites-vers-une-motion-de-censure-de-toutes-les-oppositions-pour-faire-tomber-le-gouvernement_AN-202303100602.html\">C&#8217;est de la droite que viendrait le tir fatal<\/a> : le nom de Charles de Courson, figure respect\u00e9e de tous ses pairs au Palais Bourbon, est <a href=\"https:\/\/www.lemonde.fr\/politique\/article\/2023\/03\/14\/reforme-des-retraites-elisabeth-borne-devant-le-risque-du-49-3_6165379_823448.html\">cit\u00e9<\/a> pour d\u00e9poser une motion \u00ab transpartisane \u00bb avec son groupe LIOT, le PS, les communistes et quelques LR, et ainsi offrir une fen\u00eatre de tir pour que les d\u00e9put\u00e9s RN ceux de la Nupes votent ensemble. Sachant qu&#8217;il faut <a href=\"https:\/\/www.liberation.fr\/politique\/retraites-pourquoi-un-vote-sur-une-motion-de-censure-serait-encore-plus-serre-que-dhabitude-20230313_WUZISSTKGRE7FAZSPMSH2SOEYQ\/?dicbo=v2-pldm2zv\">287 voix pour avoir une majorit\u00e9 \u00e0 l&#8217;Assembl\u00e9e<\/a>[[Il y a actuellement cinq si\u00e8ges vacants \u00e0 l&#8217;Assembl\u00e9e nationale.]], il ne faudrait que le vote de 25 d\u00e9put\u00e9s LR pour faire tomber le gouvernement\u2026<\/p>\n<p><em>Fun fact<\/em> : pour battre le triste record d&#8217;\u00c9dith Cresson, \u00c9lisabeth Borne doit rester \u00e0 Matignon jusqu&#8217;au 6 avril\u2026<\/p>\n<blockquote class=\"twitter-tweet\">\n<p lang=\"fr\" dir=\"ltr\">\u00c9lisabeth Borne doit encore tenir 26 jours pour battre le record d&#39;\u00c9dith Cresson (infographie par <a href=\"https:\/\/twitter.com\/alice_clair_?ref_src=twsrc%5Etfw\">@alice_clair_<\/a> \u00e0 retrouver dans le <a href=\"https:\/\/twitter.com\/chez_pol?ref_src=twsrc%5Etfw\">@chez_pol<\/a> du jour) <a href=\"https:\/\/t.co\/7lHSQvBizc\">pic.twitter.com\/7lHSQvBizc<\/a><\/p>\n<p>&mdash; Sylvain Chazot (@sychazot) <a href=\"https:\/\/twitter.com\/sychazot\/status\/1634142020921962496?ref_src=twsrc%5Etfw\">March 10, 2023<\/a><\/p><\/blockquote>\n<p> <script async src=\"https:\/\/platform.twitter.com\/widgets.js\" charset=\"utf-8\"><\/script><\/p>\n<p>Sauf que\u2026 par-dessus la m\u00eal\u00e9e, se moquant de tous les bellig\u00e9rants, plane Emmanuel Macron. Va-t-il, lui aussi, activer son bouton nucl\u00e9aire : la dissolution ? Le locataire de l&#8217;\u00c9lys\u00e9e en a d\u00e9j\u00e0 explicitement <a href=\"https:\/\/www.bfmtv.com\/politique\/elysee\/je-dissous-tout-de-suite-la-menace-d-emmanuel-macron-en-cas-de-motion-de-censure-des-oppositions_AV-202209290104.html\">formul\u00e9 la menace<\/a> en septembre dernier. C&#8217;est \u00e0 se demander ce qu&#8217;il a \u00e0 y gagner, quel que soit le sc\u00e9nario final\u2026<\/p>\n<p>Ou alors, le chef de l&#8217;\u00c9tat peut tenter de la jouer plus fine, en s&#8217;exposant au rejet de l&#8217;Assembl\u00e9e nationale. Alors, le texte repartirait en deuxi\u00e8me lecture entre les s\u00e9nateurs et les d\u00e9put\u00e9s, pour finir son p\u00e9riple <a href=\"https:\/\/www.lepoint.fr\/politique\/reforme-des-retraites-et-si-le-texte-etait-rejete-a-l-assemblee-14-03-2023-2511959_20.php#xtor=RSS-288\">au plus tard le 26 mars<\/a>. Et s&#8217;il n&#8217;\u00e9tait pas alors vot\u00e9, l&#8217;ex\u00e9cutif pourrait, comme le lui permet la Constitution, l\u00e9gif\u00e9rer par ordonnance. Mais souhaite-t-il gagner du temps ? Pourquoi alors, depuis le d\u00e9but de cette s\u00e9quence politique, avoir voulu r\u00e9duire le temps du d\u00e9bat parlementaire ?<\/p>\n<h2>La rue et les Sages<\/h2>\n<p>Parall\u00e8lement \u00e0 ce dernier acte de la r\u00e9forme des retraites, o\u00f9 s&#8217;affrontent l&#8217;ex\u00e9cutif et le l\u00e9gislatif, la bataille se m\u00e8ne sur un autre front : la rue. Laurent Berger et Philippe Martinez n&#8217;entendent pas abandonner les manifestants et les gr\u00e9vistes. Le leader de la CFDT <a href=\"https:\/\/www.radiofrance.fr\/franceinter\/podcasts\/l-invite-de-8h20-le-grand-entretien\/l-invite-de-8h20-le-grand-entretien-du-lundi-06-mars-2023-7670273\">juge<\/a> que <em>\u00ab cette r\u00e9forme aura un vice d\u00e9mocratique si elle passe par le 49.3 \u00bb<\/em>, quand le patron de la CGT <a href=\"https:\/\/www.francetvinfo.fr\/economie\/retraite\/reforme-des-retraites\/reforme-des-retraites-un-recours-a-l-article-49-3-peut-mettre-le-feu-aux-poudres-estime-philippe-martinez_5701277.html\">pr\u00e9vient<\/a> : <em>\u00ab Adopter une telle r\u00e9forme qui touche au quotidien des citoyens de cette fa\u00e7on-l\u00e0 [peut] mettre le feu aux poudres [&#8230;] C&#8217;est une col\u00e8re qui va grandir \u00bb<\/em>. Les dirigeants syndicaux ont d&#8217;ailleurs annonc\u00e9 un rassemblement jeudi devant l&#8217;Assembl\u00e9e nationale. La pression sera maximale.<\/p>\n<p>Et si le 49.3 l&#8217;emporte, et pas la motion de censure ? Et si le gouvernement r\u00e9ussit sa n\u00e9gociation avec Les R\u00e9publicains ? Et si Emmanuel Macron ne dissout pas l&#8217;Assembl\u00e9e ? Et si la rue, \u00e0 d\u00e9faut d&#8217;\u00eatre entendue par le pouvoir, s&#8217;essouffle plut\u00f4t que de s&#8217;embraser ?<\/p>\n<p>Reste, peut-\u00eatre, une derni\u00e8re carte \u00e0 jouer : la saisine du Conseil constitutionnel. En effet, le Conseil d&#8217;\u00c9tat a d\u00e9j\u00e0 alert\u00e9 le gouvernement quant \u00e0 la <a href=\"https:\/\/www.lemonde.fr\/politique\/article\/2023\/02\/22\/reforme-des-retraites-les-mises-en-garde-du-conseil-d-etat_6162776_823448.html\">possible inconstitutionnalit\u00e9 de certaines mesures de la r\u00e9forme<\/a>, tant sur le fond que sur la forme.<\/p>\n<p><a href=\"https:\/\/fr.wikipedia.org\/wiki\/L%27hiver_vient\"><em>Winter is coming<\/em>.<\/a><\/p>\n<p>&nbsp;<\/p>\n<p>\n<a href=\"https:\/\/wp.muchomaas.com\/auteur\/loic-le-clerc\"><strong>Lo\u00efc Le Clerc<\/strong><\/a><div id='gallery-1' class='gallery galleryid-13996 gallery-columns-3 gallery-size-thumbnail'><figure class='gallery-item'>\n\t\t\t<div class='gallery-icon landscape'>\n\t\t\t\t<a href='https:\/\/archives.regards.fr\/wp-content\/uploads\/2023\/03\/befunky-collage-542-f8a-scaled.jpg'><img loading=\"lazy\" decoding=\"async\" width=\"150\" height=\"150\" src=\"https:\/\/archives.regards.fr\/wp-content\/uploads\/2023\/03\/befunky-collage-542-f8a-150x150.jpg\" class=\"attachment-thumbnail size-thumbnail\" alt=\"befunky-collage-542.jpg\" \/><\/a>\n\t\t\t<\/div><\/figure>\n\t\t<\/div>\n<\/p>\n","protected":false},"excerpt":{"rendered":"<p>Tout devrait se jouer ce jeudi : adoption ou rejet de la r\u00e9forme des retraites, 49.3 ou motion de censure, dissolution de l&#8217;Assembl\u00e9e nationale ? Le tout avec la rue mobilis\u00e9e en fond sonore.<\/p>\n","protected":false},"author":1203,"featured_media":33003,"comment_status":"open","ping_status":"open","sticky":false,"template":"","format":"standard","meta":{"_themeisle_gutenberg_block_has_review":false,"footnotes":""},"categories":[6],"tags":[308],"class_list":["post-13996","post","type-post","status-publish","format-standard","has-post-thumbnail","hentry","category-actu","tag-retraite"],"_links":{"self":[{"href":"https:\/\/archives.regards.fr\/index.php?rest_route=\/wp\/v2\/posts\/13996","targetHints":{"allow":["GET"]}}],"collection":[{"href":"https:\/\/archives.regards.fr\/index.php?rest_route=\/wp\/v2\/posts"}],"about":[{"href":"https:\/\/archives.regards.fr\/index.php?rest_route=\/wp\/v2\/types\/post"}],"author":[{"embeddable":true,"href":"https:\/\/archives.regards.fr\/index.php?rest_route=\/wp\/v2\/users\/1203"}],"replies":[{"embeddable":true,"href":"https:\/\/archives.regards.fr\/index.php?rest_route=%2Fwp%2Fv2%2Fcomments&post=13996"}],"version-history":[{"count":0,"href":"https:\/\/archives.regards.fr\/index.php?rest_route=\/wp\/v2\/posts\/13996\/revisions"}],"wp:featuredmedia":[{"embeddable":true,"href":"https:\/\/archives.regards.fr\/index.php?rest_route=\/wp\/v2\/media\/33003"}],"wp:attachment":[{"href":"https:\/\/archives.regards.fr\/index.php?rest_route=%2Fwp%2Fv2%2Fmedia&parent=13996"}],"wp:term":[{"taxonomy":"category","embeddable":true,"href":"https:\/\/archives.regards.fr\/index.php?rest_route=%2Fwp%2Fv2%2Fcategories&post=13996"},{"taxonomy":"post_tag","embeddable":true,"href":"https:\/\/archives.regards.fr\/index.php?rest_route=%2Fwp%2Fv2%2Ftags&post=13996"}],"curies":[{"name":"wp","href":"https:\/\/api.w.org\/{rel}","templated":true}]}}