{"id":1398,"date":"1999-04-01T00:00:00","date_gmt":"1999-03-31T22:00:00","guid":{"rendered":"https:\/\/wp.muchomaas.com\/l-audiovisuel-l-oeil-de-bruxelles1398\/"},"modified":"1999-04-01T00:00:00","modified_gmt":"1999-03-31T22:00:00","slug":"l-audiovisuel-l-oeil-de-bruxelles1398","status":"publish","type":"post","link":"https:\/\/archives.regards.fr\/?p=1398","title":{"rendered":"L&#8217;audiovisuel, l&#8217;oeil de Bruxelles"},"content":{"rendered":"<p>Les subventions que l&#8217;Etat a accord\u00e9es \u00e0 France 2 et France 3 conf\u00e8rent \u00e0 ces entreprises un avantage \u00e9conomique sur leurs concurrents.&#8221; Karel Van Miert, le redoutable commissaire europ\u00e9en charg\u00e9 de la concurrence, est donc \u00e0 nouveau reparti en guerre contre le service public dans l&#8217;audiovisuel europ\u00e9en, et fran\u00e7ais plus particuli\u00e8rement. L&#8217;objet du litige est de savoir si une cha\u00eene publique peut \u00e0 la fois b\u00e9n\u00e9ficier de cr\u00e9dits publics et de recettes publicitaires. Une cha\u00eene b\u00e9n\u00e9ficiant des aides de l&#8217;Etat a, normalement, la possibilit\u00e9 de vendre moins cher son espace publicitaire puisqu&#8217;elle n&#8217;en d\u00e9pend pas int\u00e9gralement.<\/p>\n<p>Or, non seulement cette situation peut compromettre les concurrents priv\u00e9s (rappelons quand m\u00eame que TF1 est la plus grosse cha\u00eene priv\u00e9e europ\u00e9enne !), mais elle peut aussi emp\u00eacher tout investisseur \u00e9tranger de s&#8217;implanter en France. Et au sein de l&#8217;Union europ\u00e9enne, sont interdites les aides d&#8217;Etat qui peuvent g\u00e9n\u00e9rer la concurrence. C&#8217;est pourquoi Bruxelles a demand\u00e9 au gouvernement fran\u00e7ais de lui fournir exactement les statuts d\u00e9finissant les missions de ces cha\u00eenes ainsi que les moyens qui leur sont accord\u00e9s depuis dix ans. <\/p>\n<p>M\u00eame si elle est particuli\u00e8rement embarrassante, cette injonction de Bruxelles peut apporter un peu d&#8217;eau au moulin de la loi sur l&#8217;audiovisuel qui pr\u00e9voit une r\u00e9duction de la publicit\u00e9 sur les cha\u00eenes publiques (voir article) mais qui a du mal \u00e0 aboutir. Notons par ailleurs que les Fran\u00e7ais ne sont pas isol\u00e9s dans le collimateur de Karel Van Miert puisque tous les pays du Sud de l&#8217;Europe y sont pr\u00e9sents. Nous appartenons donc bien \u00e0 la tradition latine qui n&#8217;a pas encore fini de s&#8217;opposer au lib\u00e9ralisme des pays du Nord. L&#8217;Europe ne se fera pas sans mal.<\/p>\n","protected":false},"excerpt":{"rendered":"<p>Les subventions que l&#8217;Etat a accord\u00e9es \u00e0 France 2 et France 3 conf\u00e8rent \u00e0 ces entreprises un avantage \u00e9conomique sur leurs concurrents.&#8221; Karel Van Miert, le redoutable commissaire europ\u00e9en charg\u00e9 de la concurrence, est donc \u00e0 nouveau reparti en guerre contre le service public dans l&#8217;audiovisuel europ\u00e9en, et fran\u00e7ais plus particuli\u00e8rement. L&#8217;objet du litige est [&hellip;]<\/p>\n","protected":false},"author":1,"featured_media":0,"comment_status":"open","ping_status":"open","sticky":false,"template":"","format":"standard","meta":{"_themeisle_gutenberg_block_has_review":false,"footnotes":""},"categories":[141],"tags":[287],"class_list":["post-1398","post","type-post","status-publish","format-standard","hentry","category-archives-web","tag-medias"],"_links":{"self":[{"href":"https:\/\/archives.regards.fr\/index.php?rest_route=\/wp\/v2\/posts\/1398","targetHints":{"allow":["GET"]}}],"collection":[{"href":"https:\/\/archives.regards.fr\/index.php?rest_route=\/wp\/v2\/posts"}],"about":[{"href":"https:\/\/archives.regards.fr\/index.php?rest_route=\/wp\/v2\/types\/post"}],"author":[{"embeddable":true,"href":"https:\/\/archives.regards.fr\/index.php?rest_route=\/wp\/v2\/users\/1"}],"replies":[{"embeddable":true,"href":"https:\/\/archives.regards.fr\/index.php?rest_route=%2Fwp%2Fv2%2Fcomments&post=1398"}],"version-history":[{"count":0,"href":"https:\/\/archives.regards.fr\/index.php?rest_route=\/wp\/v2\/posts\/1398\/revisions"}],"wp:attachment":[{"href":"https:\/\/archives.regards.fr\/index.php?rest_route=%2Fwp%2Fv2%2Fmedia&parent=1398"}],"wp:term":[{"taxonomy":"category","embeddable":true,"href":"https:\/\/archives.regards.fr\/index.php?rest_route=%2Fwp%2Fv2%2Fcategories&post=1398"},{"taxonomy":"post_tag","embeddable":true,"href":"https:\/\/archives.regards.fr\/index.php?rest_route=%2Fwp%2Fv2%2Ftags&post=1398"}],"curies":[{"name":"wp","href":"https:\/\/api.w.org\/{rel}","templated":true}]}}