{"id":13912,"date":"2023-01-16T11:11:42","date_gmt":"2023-01-16T10:11:42","guid":{"rendered":"https:\/\/wp.muchomaas.com\/article-retraites-souvent-gouvernement-varie-et-fol-est-qui-s-y-fie\/"},"modified":"2023-06-24T00:34:05","modified_gmt":"2023-06-23T22:34:05","slug":"article-retraites-souvent-gouvernement-varie-et-fol-est-qui-s-y-fie","status":"publish","type":"post","link":"https:\/\/archives.regards.fr\/?p=13912","title":{"rendered":"Retraites : souvent gouvernement varie et fol est qui s\u2019y fie"},"content":{"rendered":"<p class=\"post_excerpt\">\u00c0 la question \u00ab Pourquoi faut-il r\u00e9former les retraites \u00bb, la Macronie a bien du mal \u00e0 donner une r\u00e9ponse coh\u00e9rente. Et ils s&#8217;\u00e9tonnent que les Fran\u00e7ais n&#8217;en veulent pas de leur r\u00e9forme&#8230;<\/p>\n<p>Mardi 10 janvier, au terme d\u2019un long monologue social et apr\u00e8s une exigeante concertation avec elle-m\u00eame, la Premi\u00e8re ministre a pr\u00e9sent\u00e9 la r\u00e9forme des retraites du gouvernement. Au-del\u00e0 des principales mesures annonc\u00e9es, deux aspects du discours m\u00e9ritent attention : toutes les \u00e9conomies r\u00e9alis\u00e9es par ses r\u00e9formes seront destin\u00e9es \u00e0 p\u00e9renniser le syst\u00e8me des retraites ; le n\u00e9cessaire travail de p\u00e9dagogie pour engager la bataille de l\u2019opinion.<\/p>\n<p>&nbsp;<\/p>\n<p>\n<strong>VOIR AUSSI SUR REGARDS.FR<br \/>\n>><\/strong> <em><a href=\"https:\/\/wp.muchomaas.com\/videos\/article\/retraites-le-gouvernement-nous-defie-defions-le-gouvernement-et-des-nouvelles\">#D\u00c9BRIEF. Retraites : le gouvernement nous d\u00e9fie, d\u00e9fions le gouvernement<\/a><\/em><\/p>\n<p>&nbsp;<\/p>\n<p>Sur ce second point, le gouvernement est en passe de r\u00e9aliser une forme d\u2019union nationale\u2026 contre lui. Selon un <a href=\"https:\/\/www.lejdd.fr\/Politique\/sondage-68-des-francais-sont-opposes-a-la-reforme-des-retraites-du-gouvernement-4161051\">sondage IFOP<\/a> pour le <em>JDD<\/em>, paru dans l\u2019\u00e9dition du dimanche 15 janvier, 68% des Fran\u00e7ais sont hostiles \u00e0 la nouvelle r\u00e9forme des retraites \u2013 ils ne sont m\u00eame que 29% \u00e0 soutenir le recul de 62 \u00e0 64 ans de l\u2019\u00e2ge l\u00e9gal de d\u00e9part \u00e0 la retraite.<\/p>\n<p>Dans les derni\u00e8res semaines, \u00c9lisabeth Borne a privil\u00e9gi\u00e9 la recherche d\u2019une majorit\u00e9 parlementaire plut\u00f4t qu\u2019une majorit\u00e9 dans le pays. Si l\u2019accord avec \u00c9ric Ciotti a bel et bien \u00e9t\u00e9 scell\u00e9, le front LR semble se fissurer. Treize des 62 \u00e9lus LR ont d\u2019ores et d\u00e9j\u00e0 annonc\u00e9 qu\u2019ils voteraient \u00ab non \u00bb en l\u2019\u00e9tat de la r\u00e9forme. C\u2019est le cas notamment d\u2019Aur\u00e9lien Pradi\u00e9, candidat malheureux \u00e0 la pr\u00e9sidence des R\u00e9publicains, <a href=\"https:\/\/www.francetvinfo.fr\/economie\/retraite\/reforme-des-retraites\/reforme-des-retraites-pour-aurelien-pradie-la-semaine-de-38h-en-4-jours-fait-partie-des-solutions-pour-financer-notre-systeme_5543808.html\">par opposition \u00e0 tout allongement de l\u2019\u00e2ge de d\u00e9part \u00e0 la retraite<\/a> au profit d\u2019autres solutions. \u00c0 l\u2019ext\u00e9rieur du groupe, Xavier Bertrand, pr\u00e9sident de la r\u00e9gion Hauts-de-France, a d\u00e9nonc\u00e9 <em>\u00ab une r\u00e9forme pour les gens qui vont bien \u00bb<\/em>.<\/p>\n<p>Plus inqui\u00e9tant encore pour le gouvernement, seuls 51% des sympathisants LR se d\u00e9clarent favorables au texte, une donn\u00e9e susceptible d\u2019\u00e9largir la fronde chez certains d\u00e9put\u00e9s.<\/p>\n<p>Ajoutons que pour un \u00e9conomiste comme Philippe Aghion, qui peut difficilement passer pour le porte-parole de la CGT ou de LFI, cette r\u00e9forme <em>\u00ab revient \u00e0 op\u00e9rer un transfert de revenus des cat\u00e9gories les moins favoris\u00e9es, \u00e0 esp\u00e9rance de vie plus faible, vers les couches les plus ais\u00e9es \u00bb<\/em>. Pas exactement la d\u00e9finition d\u2019un \u00ab progr\u00e8s social \u00bb pourtant annonc\u00e9 par la Premi\u00e8re ministre.<\/p>\n<blockquote class=\"twitter-tweet\">\n<p lang=\"fr\" dir=\"ltr\">Pour l&#39;\u00e9conomiste Philippe Aghion, invit\u00e9 du <a href=\"https:\/\/twitter.com\/hashtag\/le1314inter?src=hash&amp;ref_src=twsrc%5Etfw\">#le1314inter<\/a>, la retraite \u00e0 65 ans est &quot;injuste et inefficace&quot; : &quot;\u00c7a revient \u00e0 op\u00e9rer un transfert de revenus des cat\u00e9gories les moins favoris\u00e9es, \u00e0 esp\u00e9rance de vie plus faible, vers les couches les plus ais\u00e9es&quot; <a href=\"https:\/\/t.co\/mHN81e2iAl\">pic.twitter.com\/mHN81e2iAl<\/a><\/p>\n<p>&mdash; France Inter (@franceinter) <a href=\"https:\/\/twitter.com\/franceinter\/status\/1579435994952044544?ref_src=twsrc%5Etfw\">October 10, 2022<\/a><\/p><\/blockquote>\n<p> <script async src=\"https:\/\/platform.twitter.com\/widgets.js\" charset=\"utf-8\"><\/script><\/p>\n<h2>La r\u00e9forme, c\u2019est pour les retraites\u2026 ou pas<\/h2>\n<p>\u00c9lisabeth Borne l\u2019a indiqu\u00e9 d\u00e8s le d\u00e9but de son intervention du 10 janvier : <em>\u00ab Nous proposons un projet qui finance exclusivement nos retraites. Chaque euro cotis\u00e9 servira \u00e0 financer nos retraites. \u00bb<\/em> Un beau spectacle, bien r\u00e9p\u00e9t\u00e9, qui ne doit pas faire oublier que souvent gouvernement varie et fol est qui s\u2019y fie.<\/p>\n<p>Si le ministre de l\u2019\u00c9conomie Bruno Le Maire martelait \u00e0 son tour le 10 janvier que <em>\u00ab chaque euro \u00e9conomis\u00e9 ira aux caisses de retraites et uniquement aux caisses de retraites \u00bb<\/em>, le m\u00eame avait un tout autre discours au mois de septembre devant les micros de France Inter : <em>\u00ab Il faut bien financer nos h\u00f4pitaux, nos coll\u00e8ges, nos lyc\u00e9es, nos universit\u00e9s, et c\u2019est la r\u00e9forme des retraites qui permettra de garantir ce financement \u00bb<\/em>.<\/p>\n<p>Peu avant le premier tour des \u00e9lections l\u00e9gislatives, le repr\u00e9sentant de la majorit\u00e9 pr\u00e9sidentielle, Olivier V\u00e9ran, <a href=\"https:\/\/twitter.com\/olivierveran\/status\/1535006690663358473?ref_src=twsrc%5Etfw%7Ctwcamp%5Etweetembed%7Ctwterm%5E1535006690663358473%7Ctwgr%5Ec7eeb537aedb59dd761fceeb2e3dc03df73f4a7a%7Ctwcon%5Es1_&#038;ref_url=https%3A%2F%2Fwp.muchomaas.com%2Factu%2Feconomie%2Fmad-marx%2Farticle%2Fcontre-reforme-des-retraites-c-est-pour-mieux-les-sauver-disent-ils\">d\u00e9clarait<\/a> quant \u00e0 lui : \u00ab<em> Oui, r\u00e9former les retraites est n\u00e9cessaire. N\u00e9cessaire pour financer davantage de services publics \u00bb<\/em>.<\/p>\n<p>Dans un int\u00e9ressant document gouvernemental <a href=\"https:\/\/t.co\/QJMsw6pdRh\">publi\u00e9<\/a> en juillet 2022, et sobrement intitul\u00e9 \u00ab Programme de Stabilit\u00e9 \u00bb, on peut ainsi lire page 16 de l\u2019\u00e9tude : <em>\u00ab Sur la p\u00e9riode 2023-2027, le gouvernement s\u2019est fix\u00e9 pour objectif le retour \u00e0 des comptes publics normalis\u00e9s une fois la crise sanitaire pass\u00e9e : le d\u00e9ficit public reviendrait sous le seuil de 3% \u00e0 l\u2019horizon 2027, gr\u00e2ce \u00e0 un ajustement structurel de 0,3 point de PIB par an \u00e0 compter de 2024 \u00bb<\/em>. Puis au paragraphe suivant : <em>\u00ab Ces diff\u00e9rentes mesures pourront \u00eatre mises en oeuvre tout en garantissant la soutenabilit\u00e9 de nos finances publiques via une ma\u00eetrise de la d\u00e9pense publique sur tous les sous-secteurs (+0,6% en volume hors urgence et relance en moyenne sur la p\u00e9riode 2023-2027). Une r\u00e9forme des retraites, comme le pr\u00e9sident de la R\u00e9publique s\u2019y est engag\u00e9 au cours de la campagne \u00e9lectorale, contribuera notamment \u00e0 cet objectif. \u00bb<\/em><\/p>\n<p>Le pr\u00e9sident de la R\u00e9publique n\u2019a pas \u00e9t\u00e9 en reste. Apr\u00e8s avoir abondamment expliqu\u00e9 en 2019 qu\u2019un allongement de l\u2019\u00e2ge de d\u00e9part \u00e0 la retraite \u00e9tait au grand jamais exclu, puis avoir indiqu\u00e9 \u00e0 l\u2019automne 2021 qu\u2019une r\u00e9forme du syst\u00e8me des retraites pourrait financer une loi sur le grand \u00e2ge, Emmanuel Macron en septembre 2022 d\u00e9fendait d\u00e9sormais qu\u2019une telle r\u00e9forme permettrait d\u2019investir dans la transition \u00e9cologique, l\u2019\u00e9cole et l\u2019h\u00f4pital. N\u2019en jetez plus, on finit par avoir le tournis.<\/p>\n<p>En marge de la communication gouvernementale, les fous du Roi, ceux qui donnent les vraies raisons de la contre-r\u00e9forme, agitent leurs grelots dans la presse lib\u00e9rale. C\u2019est le cas de la chronique d\u2019\u00c9ric Le Boucher dans <em>Les \u00c9chos<\/em> du 13-14 janvier. D\u2019une part l\u2019enjeu est bien la question des 3% de d\u00e9ficit public \u2013 <em>\u00ab l\u2019\u00e9quilibre financier g\u00e9n\u00e9ral de la France et la dynamisation de la croissance par le travailler plus longtemps ne peuvent pas \u00eatre ignor\u00e9s \u00bb<\/em> \u2013, et d\u2019autre part, <em>\u00ab l\u2019argument de la n\u00e9cessit\u00e9 d\u2019une r\u00e9forme pour rassurer les march\u00e9s financiers sur la signature de la France ne peut pas \u00eatre repouss\u00e9 sans irresponsabilit\u00e9 \u00bb<\/em>. <\/p>\n<p>Les taux d\u2019int\u00e9r\u00eat sur les march\u00e9s financiers ayant \u00e0 peine commenc\u00e9 \u00e0 remonter, voil\u00e0 un argument promis \u00e0 un bel avenir et qui sera actionn\u00e9 le moment venu pour saper un peu plus les droits \u00e0 la retraite des Fran\u00e7ais.<\/p>\n<p>&nbsp;<\/p>\n<p>\n<a href=\"https:\/\/wp.muchomaas.com\/auteur\/guillaume-liegard\"><strong>Guillaume Li\u00e9gard<\/strong><\/a><div id='gallery-1' class='gallery galleryid-13912 gallery-columns-3 gallery-size-thumbnail'><figure class='gallery-item'>\n\t\t\t<div class='gallery-icon landscape'>\n\t\t\t\t<a href='https:\/\/archives.regards.fr\/wp-content\/uploads\/2023\/01\/befunky-collage-526-db7-scaled.jpg'><img loading=\"lazy\" decoding=\"async\" width=\"150\" height=\"150\" src=\"https:\/\/archives.regards.fr\/wp-content\/uploads\/2023\/01\/befunky-collage-526-db7-150x150.jpg\" class=\"attachment-thumbnail size-thumbnail\" alt=\"befunky-collage-526.jpg\" \/><\/a>\n\t\t\t<\/div><\/figure>\n\t\t<\/div>\n<\/p>\n","protected":false},"excerpt":{"rendered":"<p>\u00c0 la question \u00ab Pourquoi faut-il r\u00e9former les retraites \u00bb, la Macronie a bien du mal \u00e0 donner une r\u00e9ponse coh\u00e9rente. Et ils s&#8217;\u00e9tonnent que les Fran\u00e7ais n&#8217;en veulent pas de leur r\u00e9forme&#8230;<\/p>\n","protected":false},"author":1097,"featured_media":32819,"comment_status":"open","ping_status":"open","sticky":false,"template":"","format":"standard","meta":{"_themeisle_gutenberg_block_has_review":false,"footnotes":""},"categories":[6],"tags":[308],"class_list":["post-13912","post","type-post","status-publish","format-standard","has-post-thumbnail","hentry","category-actu","tag-retraite"],"_links":{"self":[{"href":"https:\/\/archives.regards.fr\/index.php?rest_route=\/wp\/v2\/posts\/13912","targetHints":{"allow":["GET"]}}],"collection":[{"href":"https:\/\/archives.regards.fr\/index.php?rest_route=\/wp\/v2\/posts"}],"about":[{"href":"https:\/\/archives.regards.fr\/index.php?rest_route=\/wp\/v2\/types\/post"}],"author":[{"embeddable":true,"href":"https:\/\/archives.regards.fr\/index.php?rest_route=\/wp\/v2\/users\/1097"}],"replies":[{"embeddable":true,"href":"https:\/\/archives.regards.fr\/index.php?rest_route=%2Fwp%2Fv2%2Fcomments&post=13912"}],"version-history":[{"count":0,"href":"https:\/\/archives.regards.fr\/index.php?rest_route=\/wp\/v2\/posts\/13912\/revisions"}],"wp:featuredmedia":[{"embeddable":true,"href":"https:\/\/archives.regards.fr\/index.php?rest_route=\/wp\/v2\/media\/32819"}],"wp:attachment":[{"href":"https:\/\/archives.regards.fr\/index.php?rest_route=%2Fwp%2Fv2%2Fmedia&parent=13912"}],"wp:term":[{"taxonomy":"category","embeddable":true,"href":"https:\/\/archives.regards.fr\/index.php?rest_route=%2Fwp%2Fv2%2Fcategories&post=13912"},{"taxonomy":"post_tag","embeddable":true,"href":"https:\/\/archives.regards.fr\/index.php?rest_route=%2Fwp%2Fv2%2Ftags&post=13912"}],"curies":[{"name":"wp","href":"https:\/\/api.w.org\/{rel}","templated":true}]}}