{"id":13909,"date":"2023-01-13T15:17:49","date_gmt":"2023-01-13T14:17:49","guid":{"rendered":"https:\/\/wp.muchomaas.com\/article-la-propriete-est-l-outil-le-plus-efficace-pour-comprendre-le-monde\/"},"modified":"2023-06-24T00:34:01","modified_gmt":"2023-06-23T22:34:01","slug":"article-la-propriete-est-l-outil-le-plus-efficace-pour-comprendre-le-monde","status":"publish","type":"post","link":"https:\/\/archives.regards.fr\/?p=13909","title":{"rendered":"\u00ab La propri\u00e9t\u00e9 est l&#8217;outil le plus efficace pour comprendre le monde \u00bb"},"content":{"rendered":"<p class=\"post_excerpt\">Le cin\u00e9aste G\u00e9rard Mordillat et le juriste Christophe Clerc signent une s\u00e9rie documentaire en 4 \u00e9pisodes intitul\u00e9e \u00ab Le monde et sa propri\u00e9t\u00e9 \u00bb disponible sur Arte+7. Ils sont les invit\u00e9s de #LaMidinale.\n<\/p>\n<p><iframe loading=\"lazy\" width=\"490\" height=\"276\" src=\"https:\/\/www.youtube.com\/embed\/YXmg9eC2aG0\" title=\"YouTube video player\" frameborder=\"0\" allow=\"accelerometer; autoplay; clipboard-write; encrypted-media; gyroscope; picture-in-picture; web-share\" allowfullscreen><\/iframe><div id='gallery-1' class='gallery galleryid-13909 gallery-columns-3 gallery-size-thumbnail'><figure class='gallery-item'>\n\t\t\t<div class='gallery-icon landscape'>\n\t\t\t\t<a href='https:\/\/archives.regards.fr\/wp-content\/uploads\/2023\/01\/article_midinale-185-423.png'><img loading=\"lazy\" decoding=\"async\" width=\"150\" height=\"150\" src=\"https:\/\/archives.regards.fr\/wp-content\/uploads\/2023\/01\/article_midinale-185-423-150x150.png\" class=\"attachment-thumbnail size-thumbnail\" alt=\"article_midinale-185.png\" \/><\/a>\n\t\t\t<\/div><\/figure>\n\t\t<\/div>\n<\/p>\n","protected":false},"excerpt":{"rendered":"<p>Le cin\u00e9aste G\u00e9rard Mordillat et le juriste Christophe Clerc signent une s\u00e9rie documentaire en 4 \u00e9pisodes intitul\u00e9e \u00ab Le monde et sa propri\u00e9t\u00e9 \u00bb disponible sur Arte+7. Ils sont les invit\u00e9s de #LaMidinale.<\/p>\n","protected":false},"author":1204,"featured_media":32815,"comment_status":"open","ping_status":"open","sticky":false,"template":"","format":"standard","meta":{"_themeisle_gutenberg_block_has_review":false,"footnotes":""},"categories":[238],"tags":[293],"class_list":["post-13909","post","type-post","status-publish","format-standard","has-post-thumbnail","hentry","category-la-midinale","tag-entretien"],"_links":{"self":[{"href":"https:\/\/archives.regards.fr\/index.php?rest_route=\/wp\/v2\/posts\/13909","targetHints":{"allow":["GET"]}}],"collection":[{"href":"https:\/\/archives.regards.fr\/index.php?rest_route=\/wp\/v2\/posts"}],"about":[{"href":"https:\/\/archives.regards.fr\/index.php?rest_route=\/wp\/v2\/types\/post"}],"author":[{"embeddable":true,"href":"https:\/\/archives.regards.fr\/index.php?rest_route=\/wp\/v2\/users\/1204"}],"replies":[{"embeddable":true,"href":"https:\/\/archives.regards.fr\/index.php?rest_route=%2Fwp%2Fv2%2Fcomments&post=13909"}],"version-history":[{"count":0,"href":"https:\/\/archives.regards.fr\/index.php?rest_route=\/wp\/v2\/posts\/13909\/revisions"}],"wp:featuredmedia":[{"embeddable":true,"href":"https:\/\/archives.regards.fr\/index.php?rest_route=\/wp\/v2\/media\/32815"}],"wp:attachment":[{"href":"https:\/\/archives.regards.fr\/index.php?rest_route=%2Fwp%2Fv2%2Fmedia&parent=13909"}],"wp:term":[{"taxonomy":"category","embeddable":true,"href":"https:\/\/archives.regards.fr\/index.php?rest_route=%2Fwp%2Fv2%2Fcategories&post=13909"},{"taxonomy":"post_tag","embeddable":true,"href":"https:\/\/archives.regards.fr\/index.php?rest_route=%2Fwp%2Fv2%2Ftags&post=13909"}],"curies":[{"name":"wp","href":"https:\/\/api.w.org\/{rel}","templated":true}]}}