{"id":13871,"date":"2022-12-08T15:28:01","date_gmt":"2022-12-08T14:28:01","guid":{"rendered":"https:\/\/wp.muchomaas.com\/article-ford-blanquefort-on-etait-quand-meme-pas-mal-dans-notre-usine\/"},"modified":"2022-12-08T15:28:01","modified_gmt":"2022-12-08T14:28:01","slug":"article-ford-blanquefort-on-etait-quand-meme-pas-mal-dans-notre-usine","status":"publish","type":"post","link":"https:\/\/archives.regards.fr\/?p=13871","title":{"rendered":"Ford Blanquefort : \u00ab On \u00e9tait quand m\u00eame pas mal dans notre usine \u00bb"},"content":{"rendered":"<p class=\"post_excerpt\">30 septembre 2019, l&#8217;usine Ford de Blanquefort, en Gironde, ferme d\u00e9finitivement ses portes. \u00c0 l&#8217;occasion de la sortie du documentaire \u00ab Il nous reste la col\u00e8re \u00bb, r\u00e9alis\u00e9 par Jamila Jendari et Nicolas Beirnaert, nous avons discut\u00e9 avec deux des anciens ouvriers.<\/p>\n<p><em> <strong>Patricia Laujac<\/strong> et <strong>Thierry Jeans<\/strong> sont tous deux d&#8217;anciens ouvriers de Ford Blanquefort.<\/em><\/p>\n<p>&nbsp;<\/p>\n<p><p style=\"text-align: center;\">* * *<\/p>\n<p>&nbsp;<\/p>\n<p><strong> <em>Regards<\/em>. Avant toute chose, pouvez-vous nous dire ce que vous faisiez comme travail, chez Ford, et combien de temps cela a dur\u00e9 ? <\/strong><\/p>\n<p><strong>Patricia Laujac.<\/strong> Je suis rentr\u00e9 chez ford en 1998, d&#8217;abord \u00e0 l&#8217;assemblage (comme tous les gens qui y rentrent) puis \u00e0 la qualit\u00e9-office, o\u00f9 je travaillais dans le labo contamination, un d\u00e9riv\u00e9 du labo chimie, o\u00f9 l&#8217;on exploitait les contaminations, ferreuses, organiques ou autre, dans l&#8217;eau, dans l&#8217;huile des pi\u00e8ces de bo\u00eetes \u00e0 vitesses. Et, tous les jours pendant vingt ans, je faisais 180 km de route pour aller au travail.<\/p>\n<p><strong>Thierry Jeans.<\/strong> J&#8217;ai boss\u00e9 \u00e0 Ford de 1985 \u00e0 la fermeture, soit pendant 34 ans. J&#8217;\u00e9tais automaticien en maintenance. Je d\u00e9pannais toutes les machines-outils sur les probl\u00e8mes d&#8217;automatisme, tout ce qui a trait \u00e0 l&#8217;\u00e9lectricit\u00e9 et l&#8217;\u00e9lectronique. J&#8217;\u00e9tais syndiqu\u00e9 CGT depuis un bon moment, depuis 1999 ou 2000\u2026 depuis les 35h, et d\u00e9l\u00e9gu\u00e9 depuis 2006. Lors de la fermeture, j&#8217;\u00e9tais \u00e9lu CSE. Ford \u00e9tait mon deuxi\u00e8me et dernier employeur.<\/p>\n<p>&nbsp;<\/p>\n<p>\n<strong>VOIR AUSSI SUR REGARDS.FR<br \/>\n>><\/strong> <em><a href=\"https:\/\/wp.muchomaas.com\/la-midinale\/article\/c-est-deja-une-victoire-qu-il-y-ait-de-la-lutte\">\u00ab C\u2019est d\u00e9j\u00e0 une victoire qu\u2019il y ait de la lutte \u00bb<\/a><\/em><\/p>\n<p>&nbsp;<\/p>\n<p><strong>Trois ans apr\u00e8s la fermeture de l&#8217;usine, quel souvenir gardez-vous de la lutte que vous avez men\u00e9e ?<\/strong><\/p>\n<p><strong>Patricia Laujac.<\/strong> \u00c7a a \u00e9t\u00e9 une grosse exp\u00e9rience humaine. On a v\u00e9cu beaucoup de choses tr\u00e8s fortes, dans les bons comme dans les mauvais moments. C&#8217;\u00e9tait une lutte n\u00e9cessaire. J&#8217;aurais regrett\u00e9 de ne pas l&#8217;avoir fait. Pourquoi ? Parce qu&#8217;on prend les gens pour des imb\u00e9ciles. Quand un industriel menace de fermer, les discours sont fauss\u00e9s. On fait travailler les gens alors qu&#8217;on sait qu&#8217;on va les mettre au ch\u00f4mage. Ces mani\u00e8res de faire sont ignobles, c&#8217;est du m\u00e9pris total, une grosse hypocrisie, tant de la part des dirigeants \u2013 car il n&#8217;y avait aucune raison \u00e9conomique de fermer l&#8217;usine \u2013 que des politiques. Aujourd&#8217;hui, je suis d\u00e9gout\u00e9e par les politiques qui nous dirigent. Quand on voit, dans le film, Monsieur Le Maire qui crie au loup alors qu&#8217;il a d\u00e9j\u00e0 baiss\u00e9 l&#8217;\u00e9chine devant la multinationale\u2026 quelle manipulation ! Et dans le m\u00eame temps, ceux qui ont d\u00e9fendu l&#8217;usine, les emplois, les salaires \u2013 les vies ! \u2013, on nous faisait passer pour des terroristes, des extr\u00e9mistes, alors qu&#8217;on avait une vision tr\u00e8s \u00e9clair\u00e9e de ce qu&#8217;il se passait.<\/p>\n<p><strong>Thierry Jeans.<\/strong> Le film retrace la derni\u00e8re lutte, mais nous, on manifeste depuis 2007. Voil\u00e0 peut-\u00eatre pourquoi les camarades ont fini par abandonner, quand Ford a annonc\u00e9, en 2018, qu&#8217;il refusait l&#8217;offre de reprise. Quand j&#8217;ai vu l&#8217;usine se faire d\u00e9monter, \u00e7a n&#8217;\u00e9tait pas le pire des moments. Le pire, c&#8217;est quand on a appris que cette fin \u00e9tait l\u00e0. \u00c7a a \u00e9t\u00e9 un coup de massue. Au final, on a rat\u00e9. La fin est un \u00e9chec, l&#8217;usine a ferm\u00e9. On s&#8217;est battu bec et ongle, et \u00e7a nous a \u00e9puis\u00e9s. Pourtant, la reprise \u00e9tait possible et viable, mais les pouvoirs publics n&#8217;ont rien pu faire. La le\u00e7on de cette histoire, c&#8217;est qu&#8217;il ne faut pas se faire rouler dans la farine par des \u00e9lus, par des gens sur qui on croyait pouvoir compter. Mais je retiens aussi la fraternit\u00e9, l&#8217;amiti\u00e9, la solidarit\u00e9 qui se cr\u00e9ent quand on lutte pour des emplois. C&#8217;est \u00e9norme. Malgr\u00e9 tout, il y a de bons souvenirs.<\/p>\n<p><strong>Une fois l&#8217;usine ferm\u00e9e, avez-vous rencontr\u00e9, vous-m\u00eame ou vos camarades, des difficult\u00e9s particuli\u00e8res pour retrouver un emploi ?<\/strong><\/p>\n<p><strong>Patricia Laujac.<\/strong> Je fais partie des chanceux qui ont eu droit \u00e0 la pr\u00e9retraite. Tout \u00e7a parce que j&#8217;avais 55 ans \u00e0 la fermeture. Mais ces pr\u00e9retraites sont des fa\u00e7ons de faire horribles, \u00e7a se joue \u00e0 un jour pr\u00e8s : il fallait \u00eatre n\u00e9 avant le 1er octobre. Pour ceux qui ont p\u00fb y avoir droit, \u00e7a \u00e9quivaut \u00e0 65-70% du salaire, soit une perte de 600\u20ac par mois en moyenne. Personnellement, je ne recherche pas de travail, m\u00eame si j&#8217;ai perdu de mon salaire. Je pr\u00e9f\u00e8re laisser les emplois \u00e0 ceux qui en ont besoin. Ford dit que tout le monde a retrouv\u00e9 du travail, mais c&#8217;est mensonger. Pendant le PSE, on estimait qu&#8217;une personne qui retrouvait un CDD de 6 mois, renouvelable une fois, c&#8217;\u00e9tait bon, c&#8217;\u00e9tait une solution d&#8217;emploi. Pour moi, 80% des salari\u00e9s n&#8217;ont pas retrouv\u00e9 un salaire \u00e9quivalent. Ford \u00e9tait une grosse entreprise, certains \u00e9taient l\u00e0 depuis 40 ans avaient un niveau de salaire qui n&#8217;\u00e9tait pas n\u00e9gligeable. Puis le covid est pass\u00e9 par l\u00e0 aussi, au moment o\u00f9 l&#8217;on cherchait un emploi\u2026 Donc pour les autres, ceux qui n&#8217;ont pas pu pr\u00e9tendre aux pr\u00e9retraites, c&#8217;est terrible \u00e0 vivre. <\/p>\n<p><strong>Thierry Jeans.<\/strong> J&#8217;ai 57 ans. Moi aussi je suis pass\u00e9 entre les gouttes. Sur les 850 salari\u00e9s, 250 avaient l&#8217;\u00e2ge d&#8217;obtenir une pr\u00e9retraite. M\u00eame si je suis \u00e0 70% de mon salaire, \u00e0 c\u00f4t\u00e9 des 600 autres licenci\u00e9s, c&#8217;est moins compliqu\u00e9 pour moi que d&#8217;aller retrouver un emploi, \u00e0 nos \u00e2ges&#8230; Moins 30% de salaire, \u00e7a se ressent, mais on fait avec ce qu&#8217;on a. Moi, je n&#8217;\u00e9tais pas dans les plus petits salaires ouvriers, l\u00e0 o\u00f9 beaucoup se sont retrouver en pr\u00e9retraite avec un plancher \u00e0 1100\u20ac. Pour ceux-l\u00e0, c&#8217;est dur. Certains ont d\u00fb d\u00e9m\u00e9nager pour pouvoir continuer \u00e0 payer leur loyer. On reste en contact, sur Facebook il y a des groupes d&#8217;ex-ouvriers de Ford. Moi, je revois mes potes de lutte, tout le noyau dur avec lequel on a lutt\u00e9 toutes ces ann\u00e9es. \u00e7a cr\u00e9e des liens, la lutte. Car, quelle que soit notre situation personnelle, on s&#8217;est toujours battu pour l&#8217;emploi. Et tout le monde a tenu jusqu&#8217;au bout la bataille. Pour une bonne raison, c&#8217;est qu&#8217;on \u00e9tait quand m\u00eame pas mal dans notre usine.<\/p>\n<p><strong>Patricia Laujac.<\/strong> J&#8217;esp\u00e8re que ce film aura un grand succ\u00e8s et surtout qu&#8217;il ouvrira les yeux des gens par rapport \u00e0 ce que l&#8217;on peut vivre politiquement, qu&#8217;il va leur donner l&#8217;envie de se battre, de ne plus \u00eatre fataliste. C&#8217;est important que les salari\u00e9s se rendent compte que, dans la vie, il faut se battre.<\/p>\n<p>&nbsp;<\/p>\n<p>\nPropos recueillis par <a href=\"https:\/\/wp.muchomaas.com\/auteur\/loic-le-clerc\"><strong>Lo\u00efc Le Clerc<\/strong><\/a><\/p>\n","protected":false},"excerpt":{"rendered":"<p>30 septembre 2019, l&#8217;usine Ford de Blanquefort, en Gironde, ferme d\u00e9finitivement ses portes. \u00c0 l&#8217;occasion de la sortie du documentaire \u00ab Il nous reste la col\u00e8re \u00bb, r\u00e9alis\u00e9 par Jamila Jendari et Nicolas Beirnaert, nous avons discut\u00e9 avec deux des anciens ouvriers.<\/p>\n","protected":false},"author":1203,"featured_media":0,"comment_status":"open","ping_status":"open","sticky":false,"template":"","format":"standard","meta":{"_themeisle_gutenberg_block_has_review":false,"footnotes":""},"categories":[6],"tags":[293],"class_list":["post-13871","post","type-post","status-publish","format-standard","hentry","category-actu","tag-entretien"],"_links":{"self":[{"href":"https:\/\/archives.regards.fr\/index.php?rest_route=\/wp\/v2\/posts\/13871","targetHints":{"allow":["GET"]}}],"collection":[{"href":"https:\/\/archives.regards.fr\/index.php?rest_route=\/wp\/v2\/posts"}],"about":[{"href":"https:\/\/archives.regards.fr\/index.php?rest_route=\/wp\/v2\/types\/post"}],"author":[{"embeddable":true,"href":"https:\/\/archives.regards.fr\/index.php?rest_route=\/wp\/v2\/users\/1203"}],"replies":[{"embeddable":true,"href":"https:\/\/archives.regards.fr\/index.php?rest_route=%2Fwp%2Fv2%2Fcomments&post=13871"}],"version-history":[{"count":0,"href":"https:\/\/archives.regards.fr\/index.php?rest_route=\/wp\/v2\/posts\/13871\/revisions"}],"wp:attachment":[{"href":"https:\/\/archives.regards.fr\/index.php?rest_route=%2Fwp%2Fv2%2Fmedia&parent=13871"}],"wp:term":[{"taxonomy":"category","embeddable":true,"href":"https:\/\/archives.regards.fr\/index.php?rest_route=%2Fwp%2Fv2%2Fcategories&post=13871"},{"taxonomy":"post_tag","embeddable":true,"href":"https:\/\/archives.regards.fr\/index.php?rest_route=%2Fwp%2Fv2%2Ftags&post=13871"}],"curies":[{"name":"wp","href":"https:\/\/api.w.org\/{rel}","templated":true}]}}