{"id":13867,"date":"2022-12-08T11:21:48","date_gmt":"2022-12-08T10:21:48","guid":{"rendered":"https:\/\/wp.muchomaas.com\/article-c-est-deja-une-victoire-qu-il-y-ait-de-la-lutte\/"},"modified":"2023-06-24T00:33:18","modified_gmt":"2023-06-23T22:33:18","slug":"article-c-est-deja-une-victoire-qu-il-y-ait-de-la-lutte","status":"publish","type":"post","link":"https:\/\/archives.regards.fr\/?p=13867","title":{"rendered":"\u00ab C&#8217;est d\u00e9j\u00e0 une victoire qu&#8217;il y ait de la lutte \u00bb"},"content":{"rendered":"<p class=\"post_excerpt\">Jamila Jendari et Nicolas Beirnaert ont r\u00e9alis\u00e9 \u00ab Il nous reste la col\u00e8re \u00bb (en salles ce mercredi 7 d\u00e9cembre), un documentaire qui suit les ouvri\u00e8res et ouvriers mobilis\u00e9s contre la fermeture de leur usine Ford \u00e0 Blanquefort en Gironde. Ils sont les invit\u00e9s de #LaMidinale.<\/p>\n<p><iframe loading=\"lazy\" width=\"490\" height=\"276\" src=\"https:\/\/www.youtube.com\/embed\/NOaYB34qBRw\" title=\"YouTube video player\" frameborder=\"0\" allow=\"accelerometer; autoplay; clipboard-write; encrypted-media; gyroscope; picture-in-picture\" allowfullscreen><\/iframe><div id='gallery-1' class='gallery galleryid-13867 gallery-columns-3 gallery-size-thumbnail'><figure class='gallery-item'>\n\t\t\t<div class='gallery-icon landscape'>\n\t\t\t\t<a href='https:\/\/archives.regards.fr\/wp-content\/uploads\/2022\/12\/article_midinale-171-46e.png'><img loading=\"lazy\" decoding=\"async\" width=\"150\" height=\"150\" src=\"https:\/\/archives.regards.fr\/wp-content\/uploads\/2022\/12\/article_midinale-171-46e-150x150.png\" class=\"attachment-thumbnail size-thumbnail\" alt=\"article_midinale-171.png\" \/><\/a>\n\t\t\t<\/div><\/figure>\n\t\t<\/div>\n<\/p>\n","protected":false},"excerpt":{"rendered":"<p>Jamila Jendari et Nicolas Beirnaert ont r\u00e9alis\u00e9 \u00ab Il nous reste la col\u00e8re \u00bb (en salles ce mercredi 7 d\u00e9cembre), un documentaire qui suit les ouvri\u00e8res et ouvriers mobilis\u00e9s contre la fermeture de leur usine Ford \u00e0 Blanquefort en Gironde. Ils sont les invit\u00e9s de #LaMidinale.<\/p>\n","protected":false},"author":1204,"featured_media":32737,"comment_status":"open","ping_status":"open","sticky":false,"template":"","format":"standard","meta":{"_themeisle_gutenberg_block_has_review":false,"footnotes":""},"categories":[238],"tags":[293],"class_list":["post-13867","post","type-post","status-publish","format-standard","has-post-thumbnail","hentry","category-la-midinale","tag-entretien"],"_links":{"self":[{"href":"https:\/\/archives.regards.fr\/index.php?rest_route=\/wp\/v2\/posts\/13867","targetHints":{"allow":["GET"]}}],"collection":[{"href":"https:\/\/archives.regards.fr\/index.php?rest_route=\/wp\/v2\/posts"}],"about":[{"href":"https:\/\/archives.regards.fr\/index.php?rest_route=\/wp\/v2\/types\/post"}],"author":[{"embeddable":true,"href":"https:\/\/archives.regards.fr\/index.php?rest_route=\/wp\/v2\/users\/1204"}],"replies":[{"embeddable":true,"href":"https:\/\/archives.regards.fr\/index.php?rest_route=%2Fwp%2Fv2%2Fcomments&post=13867"}],"version-history":[{"count":0,"href":"https:\/\/archives.regards.fr\/index.php?rest_route=\/wp\/v2\/posts\/13867\/revisions"}],"wp:featuredmedia":[{"embeddable":true,"href":"https:\/\/archives.regards.fr\/index.php?rest_route=\/wp\/v2\/media\/32737"}],"wp:attachment":[{"href":"https:\/\/archives.regards.fr\/index.php?rest_route=%2Fwp%2Fv2%2Fmedia&parent=13867"}],"wp:term":[{"taxonomy":"category","embeddable":true,"href":"https:\/\/archives.regards.fr\/index.php?rest_route=%2Fwp%2Fv2%2Fcategories&post=13867"},{"taxonomy":"post_tag","embeddable":true,"href":"https:\/\/archives.regards.fr\/index.php?rest_route=%2Fwp%2Fv2%2Ftags&post=13867"}],"curies":[{"name":"wp","href":"https:\/\/api.w.org\/{rel}","templated":true}]}}