{"id":13832,"date":"2022-11-16T14:20:12","date_gmt":"2022-11-16T13:20:12","guid":{"rendered":"https:\/\/wp.muchomaas.com\/article-les-francais-travaillent-trop-peu-disent-ils\/"},"modified":"2023-07-03T14:30:48","modified_gmt":"2023-07-03T12:30:48","slug":"article-les-francais-travaillent-trop-peu-disent-ils","status":"publish","type":"post","link":"https:\/\/archives.regards.fr\/?p=13832","title":{"rendered":"Les Fran\u00e7ais travaillent trop peu, disent-ils\u2026"},"content":{"rendered":"<p class=\"post_excerpt\">La France serait un pays de <em>\u00ab flemmards \u00bb<\/em>, incomp\u00e9tents et improductifs. Voil\u00e0 sur quelle base le gouvernement, le patronat et tous leurs chiens de garde entendent justifier leurs r\u00e9formes r\u00e9gressives.<\/p>\n<p>Sur son compte Twitter, Mathieu Cocq, responsable du p\u00f4le \u00e9conomique de la CGT, avertit : <em>\u00ab La strat\u00e9gie patronale va d\u00e9sormais red\u00e9ployer vers la question du &#8220;trop faible nombre d\u2019heures travaill\u00e9es&#8221; \u00bb<\/em>. <\/p>\n<blockquote class=\"twitter-tweet\">\n<p lang=\"fr\" dir=\"ltr\">Bon il y aurait trop \u00e0 dire sur le fond de cette tribune, mais retenons le point essentiel: la strat\u00e9gie patronale va d\u00e9sormais red\u00e9ployer vers la question du &quot;trop faible nombre d&#39;heures travaill\u00e9es&quot;. \u00c0 bon entendeur&#8230; <a href=\"https:\/\/t.co\/fiviwxqZ5D\">https:\/\/t.co\/fiviwxqZ5D<\/a><\/p>\n<p>&mdash; Mathieu Cocq (@Mathieu_Cocq) <a href=\"https:\/\/twitter.com\/Mathieu_Cocq\/status\/1592404452363096065?ref_src=twsrc%5Etfw\">November 15, 2022<\/a><\/p><\/blockquote>\n<p> <script async src=\"https:\/\/platform.twitter.com\/widgets.js\" charset=\"utf-8\"><\/script><\/p>\n<p>&nbsp;<\/p>\n<p>\n<strong>LIRE AUSSI SUR REGARDS.FR<br \/>\n>><\/strong> <em><a href=\"https:\/\/wp.muchomaas.com\/actu\/economie\/mad-marx\/article\/perdre-du-pouvoir-d-achat-c-est-bon-pour-les-salaries-disent-ils\">Perdre du pouvoir d\u2019achat, c\u2019est bon pour les salari\u00e9s (disent-ils&#8230;)<\/a><\/em><\/p>\n<p>&nbsp;<\/p>\n<p>Il cite une <a href=\"https:\/\/www.lesechos.fr\/idees-debats\/cercle\/opinion-le-travail-la-valeur-capitale-1878567?xtor=CS4-6235&#038;xtor=CS4-6235&#038;xtor=CS4-6235\">tribune<\/a> du directeur du Cercle de l\u2019\u00e9pargne, Philippe Crevel, parue le 15 novembre dans <em>Les \u00c9chos<\/em> : <em>\u00ab Derri\u00e8re nos nombreux probl\u00e8mes, des d\u00e9serts m\u00e9dicaux \u00e0 la bataille contre le r\u00e9chauffement climatique en passant par la lutte contre la pauvret\u00e9 et la d\u00e9gradation de la qualit\u00e9 des services publics, ce qui manque le plus, ce n&#8217;est pas l&#8217;argent, mais bien le travail ! \u00bb<\/em><\/p>\n<p>Sans doute Mathieu Cocq a-t-il \u00e9t\u00e9 alert\u00e9 par la conjonction de cette tribune avec <a href=\"https:\/\/www.lesechos.fr\/idees-debats\/editos-analyses\/la-france-le-pays-ou-lon-travaille-le-moins-1877775\">celle d\u2019Hypolite d\u2019Albis<\/a>, \u00e9toile montante des \u00e9conomistes fran\u00e7ais, publi\u00e9e dans le m\u00eame journal cinq jours auparavant et sobrement intitul\u00e9e : <em>\u00ab La France le pays o\u00f9 l\u2019on travaille le moins \u00bb<\/em>.<\/p>\n<p>La veille, lundi 14, <a href=\"https:\/\/www.radiofrance.fr\/franceinter\/podcasts\/l-edito-eco\/l-edito-eco-du-lundi-14-novembre-2022-3483937\">Dominique Seux avait beno\u00eetement \u00e9ditorialis\u00e9<\/a> sur France Inter sur la question <em>\u00ab Les Fran\u00e7ais sont-ils devenus flemmards ? \u00bb<\/em> Il citait une <a href=\"https:\/\/www.jean-jaures.org\/publication\/grosse-fatigue-et-epidemie-de-flemme-quand-une-partie-des-francais-a-mis-les-pouces\/?post_id=39436&#038;export_pdf=1\">\u00e9tude<\/a> des enqu\u00eateurs de l\u2019Ifop, pour le compte de la Fondation Jean Jaur\u00e8s, parue le 11 novembre, sur les effets de la crise sanitaire sur <em>\u00ab l\u2019\u00e9tat d\u2019esprit, la motivation et le rapport \u00e0 l\u2019effort \u00bb<\/em> des Fran\u00e7aises et des Fran\u00e7ais. La note, a comment\u00e9 Dominique Seux, <em>\u00ab avance, en vrac, (sic) divers \u00e9l\u00e9ments : la perte de sens, l\u2019omnipr\u00e9sence des process et des imp\u00e9ratifs financiers des entreprises, les open spaces et le flex office \u00bb<\/em>. Autant de sujets, selon lui, visiblement mineurs par rapport \u00e0 LA question o\u00f9 il veut en venir : <em>\u00ab La baisse du temps de travail a par d\u00e9finition aussi un effet m\u00e9canique sur sa place \u00bb<\/em>. En clair, le gros bon sens selon lequel moins on bosse longtemps et moins on veut bosser. Et de citer, sans le nommer, l\u2019argument cl\u00e9 d\u2019Hypolite D\u2019Albis : <em>\u00ab Selon toutes les donn\u00e9es indiscutables de l\u2019OCDE, la France est LE pays, parmi tous, qui, au total, travaille (tous \u00e2ges confondus) le moins \u00bb<\/em>.<\/p>\n<h2>Pr\u00e9f\u00e9rence fran\u00e7aise pour ne pas travailler assez longtemps<\/h2>\n<p>L\u2019affaire est donc suffisamment importante pour essayer d\u2019y voir un peu plus clair. Prenons l\u2019argumentaire en quatre temps d\u2019Hypolite D\u2019Albis. Il peut servir de r\u00e9f\u00e9rence :<\/p>\n<ul>\n<li> La France est le pays o\u00f9 l\u2019on travaille le moins. La preuve : le nombre d\u2019heures travaill\u00e9es rapport\u00e9e \u00e0 la population totale habitant la France (610 heures par habitant, soit 3 mois et 16 jours par an) est plus faible que chez tous nos voisins. Pire encore, la tendance chez nous est \u00e0 la baisse alors qu\u2019elle est \u00e0 la hausse dans d\u2019autres pays et notamment en Allemagne.<\/li>\n<\/ul>\n<ul>\n<li> Le PIB par habitant et, plus prosa\u00efquement, <em>\u00ab la myriade de biens et services que tous consomment et appr\u00e9cient \u00bb<\/em>, comme <em>\u00ab l\u2019enseignement des \u00e9l\u00e8ves \u00bb<\/em> et <em>\u00ab les p\u00e2tisseries \u00bb<\/em>, n\u2019est rien d\u2019autre que le produit des heures travaill\u00e9es par la productivit\u00e9 du travail.<\/li>\n<\/ul>\n<ul>\n<li> La productivit\u00e9 <em>\u00ab connait un d\u00e9clin relatif depuis plusieurs ann\u00e9es \u00bb<\/em>. C\u2019est, affirme Hypolite D\u2019Albis, <em>\u00ab un probl\u00e8me de comp\u00e9tences \u00bb<\/em>. Et donc, \u00e7a va prendre du temps pour l\u2019am\u00e9liorer.<\/li>\n<\/ul>\n<ul>\n<li> Du coup, si on veut que \u00e7a marche mieux en France et si, tous, nous voulons consommer et appr\u00e9cier davantage d\u2019enseignements d\u2019\u00e9l\u00e8ves, de p\u00e2tisseries et d\u2019autres biens et services en tout genre, une seule solution : en finir avec ce <em>\u00ab choix collectif de continuer \u00e0 moins travailler \u00bb<\/em>. Si non, <em>\u00ab il ne faut pas esp\u00e9rer conserver tous les avantages que l\u2019on retire du travail des autres \u00bb<\/em>.<\/li>\n<\/ul>\n<h2>Mensonges statistiques<\/h2>\n<p>Le crit\u00e8re statistique invoqu\u00e9 du nombre d\u2019heures travaill\u00e9es rapport\u00e9 \u00e0 la population totale \u2013 et non \u00e0 la population en \u00e2ge de travailler \u2013 est particuli\u00e8rement foireux. Les statistiques internationales prennent les 15-64 ans, ce qui est d\u00e9j\u00e0 tr\u00e8s limite concernant les 15-20 ans et les plus de 62 ans&#8230; Et cela choque d\u2019autant plus qu\u2019Hypolite D\u2019Albis est directeur de l\u2019\u00c9cole des Hautes Etudes en D\u00e9mographie. Or, si les gens en \u00e2ge de travailler repr\u00e9sente une part plus importante de la population, cela fait m\u00e9caniquement augmenter le temps de travail rapport\u00e9 \u00e0 la population totale. Et inversement. Et, justement, <a href=\"https:\/\/donnees.banquemondiale.org\/indicator\/SP.POP.1564.TO.ZS\">selon la Banque mondiale<\/a> et l\u2019OCDE, en France, les 15-64 ans p\u00e8sent au moins trois points de moins qu\u2019en Allemagne, en Espagne ou en Irlande.<\/p>\n<p>La question pos\u00e9e n\u2019est donc pas celle de la France championne de l\u2019OCDE du <em>travailler moins longtemps<\/em>, mais celle du fait que les actifs devraient \u00e9ventuellement travailler plus pour compenser une d\u00e9mographie qui maintient une part de population jeune relativement plus dynamique.<\/p>\n<p>Encore faut-il bien diagnostiquer la question du temps de travail rapport\u00e9 \u00e0 la population active. Cela d\u00e9pend de la mesure du temps de travail pour tout un ensemble de professions. Pas s\u00fbr du tout que le temps de travail des enseignants (souvent pris comme exemplaire du <em>travailler trop peu<\/em> \u00e0 la fran\u00e7aise), des soignants ou des travailleurs ind\u00e9pendants par exemple, soit correctement comptabilis\u00e9 dans les statistiques et les comparaisons internationales qui sont utilis\u00e9es par nos pourfendeurs de flemmardise fran\u00e7aise. <\/p>\n<p><a href=\"https:\/\/www.education.gouv.fr\/media\/118505\/download\"><img loading=\"lazy\" decoding=\"async\" class=\" aligncenter size-full wp-image-32656\" src=\"https:\/\/wp.muchomaas.com\/wp-content\/uploads\/2022\/11\/screenshot_2022-11-16_12-2a1.20.04.png\" alt=\"screenshot_2022-11-16_12.20.04.png\" align=\"center\" width=\"921\" height=\"559\" srcset=\"https:\/\/archives.regards.fr\/wp-content\/uploads\/2022\/11\/screenshot_2022-11-16_12-2a1.20.04.png 921w, https:\/\/archives.regards.fr\/wp-content\/uploads\/2022\/11\/screenshot_2022-11-16_12-2a1.20.04-300x182.png 300w, https:\/\/archives.regards.fr\/wp-content\/uploads\/2022\/11\/screenshot_2022-11-16_12-2a1.20.04-768x466.png 768w\" sizes=\"auto, (max-width: 921px) 100vw, 921px\" \/><\/a><\/p>\n<p style=\"text-align: center;\"><em>[cliquez sur le graphique pour l&#8217;agrandir]<\/em><\/p>\n<p>&nbsp;<\/p>\n<p>Au-del\u00e0, cela d\u00e9pend bien entendu de la part de la population active ayant effectivement un emploi (ce qu\u2019on appelle le taux d\u2019emploi), de celle qui est totalement au ch\u00f4mage et de celle qui a un sous-emploi. En France, le taux d\u2019emploi est bas pour les jeunes et les plus de 55 ans. Le taux de ch\u00f4mage officiel (7,3%) est sup\u00e9rieur \u00e0 la moyenne de l\u2019OCDE et le sous-emploi est \u00e9lev\u00e9.<\/p>\n<p><a href=\"https:\/\/dares.travail-emploi.gouv.fr\/donnees\/le-temps-partiel\"><img loading=\"lazy\" decoding=\"async\" class=\" aligncenter size-full wp-image-32657\" src=\"https:\/\/wp.muchomaas.com\/wp-content\/uploads\/2022\/11\/screenshot_2022-11-16_12-f1d.21.57.png\" alt=\"screenshot_2022-11-16_12.21.57.png\" align=\"center\" width=\"769\" height=\"319\" srcset=\"https:\/\/archives.regards.fr\/wp-content\/uploads\/2022\/11\/screenshot_2022-11-16_12-f1d.21.57.png 769w, https:\/\/archives.regards.fr\/wp-content\/uploads\/2022\/11\/screenshot_2022-11-16_12-f1d.21.57-300x124.png 300w\" sizes=\"auto, (max-width: 769px) 100vw, 769px\" \/><\/a><\/p>\n<p style=\"text-align: center;\"><em>[cliquez sur le graphique pour l&#8217;agrandir]<\/em><\/p>\n<p>&nbsp;<\/p>\n<p>Le mal n\u2019est pas que les Fran\u00e7ais sont des flemmards et qu\u2019ils doivent travailler plus longtemps. La bonne question est : comment faire pour qu\u2019ils soient plus nombreux \u00e0 travailler, qu\u2019ils travaillent plus \u00e0 plein temps, et qu\u2019ils travaillent mieux ?<\/p>\n<h2>La productivit\u00e9 n\u2019est pas une mince affaire<\/h2>\n<p>L\u2019\u00e9quation \u00ab Biens et services produits = Quantit\u00e9 de travail x Productivit\u00e9 du travail \u00bb est juste. Mais elle est insuffisante. Le ralentissement de la croissance de la productivit\u00e9 du travail ne concerne pas seulement la France mais tous les pays capitalistes d\u00e9velopp\u00e9s. <\/p>\n<p><a href=\"https:\/\/www.strategie.gouv.fr\/sites\/strategie.gouv.fr\/files\/atoms\/files\/fs-2022-dt-productivite-mai.pdf\"><img loading=\"lazy\" decoding=\"async\" class=\" aligncenter size-full wp-image-32658\" src=\"https:\/\/wp.muchomaas.com\/wp-content\/uploads\/2022\/11\/screenshot_2022-11-16_12-902.23.33.png\" alt=\"screenshot_2022-11-16_12.23.33.png\" align=\"center\" width=\"1236\" height=\"606\" srcset=\"https:\/\/archives.regards.fr\/wp-content\/uploads\/2022\/11\/screenshot_2022-11-16_12-902.23.33.png 1236w, https:\/\/archives.regards.fr\/wp-content\/uploads\/2022\/11\/screenshot_2022-11-16_12-902.23.33-300x147.png 300w, https:\/\/archives.regards.fr\/wp-content\/uploads\/2022\/11\/screenshot_2022-11-16_12-902.23.33-1024x502.png 1024w, https:\/\/archives.regards.fr\/wp-content\/uploads\/2022\/11\/screenshot_2022-11-16_12-902.23.33-768x377.png 768w\" sizes=\"auto, (max-width: 1236px) 100vw, 1236px\" \/><\/a><\/p>\n<p style=\"text-align: center;\"><em>[cliquez sur le graphique pour l&#8217;agrandir]<\/em><\/p>\n<p>&nbsp;<\/p>\n<p>Ce n\u2019est donc pas un probl\u00e8me sp\u00e9cifique de comp\u00e9tences des travailleurs en France. C\u2019est un d\u00e9bat qui m\u00e9rite beaucoup mieux que cela.<\/p>\n<p>La \u00ab promesse \u00bb du capitalisme, c\u2019est l\u2019am\u00e9lioration de la vie sur Terre et l\u2019am\u00e9lioration des conditions d\u2019existence des populations gr\u00e2ce \u00e0 la dynamique des forces productives et de la productivit\u00e9 suppos\u00e9e \u00eatre sup\u00e9rieure \u00e0 tout autre syst\u00e8me socio-\u00e9conomique. Si la productivit\u00e9 ne r\u00e9pond plus, malgr\u00e9 les progr\u00e8s techniques et les vagues d\u2019innovations cens\u00e9es l\u2019impulser, la promesse tombe d\u2019autant plus que p\u00e8se la loi d\u2019airain des profits. Les gens doivent alors travailler plus longtemps et gagner moins. Et au bout du compte, il n\u2019y a pour la grande masse d\u2019entre eux, ni plus de p\u00e2tisseries, ni plus d\u2019enseignement de leurs enfants, ni plus de soins, ni plus de loisirs et de partages sociaux et culturels.<\/p>\n<p>C\u2019est bien l\u00e0 tout le sens de la politique d&#8217;Emmanuel Macron. Il pr\u00e9tend contourner le d\u00e9clin la productivit\u00e9 par les r\u00e9formes r\u00e9gressives des retraites, du ch\u00f4mage, de l\u2019enseignement professionnel et la non indexation des salaires. Tels sont les enjeux de cette nouvelle campagne sur la soi-disant pr\u00e9f\u00e9rence fran\u00e7aise pour travailler (trop) peu[[Voir Romaric Godin : <a href=\"https:\/\/www.mediapart.fr\/journal\/france\/050822\/en-defendant-le-travailler-plus-le-macronisme-s-ancre-dans-le-conservatisme\">\u00ab En d\u00e9fendant le &#8220;travailler plus&#8221;, le macronisme s\u2019ancre dans le conservatisme \u00bb<\/a>.]].<\/p>\n<p>Esp\u00e9rons que la contre-attaque continue de s\u2019amplifier. Les fronts possibles et compl\u00e9mentaires sont en tout cas multiples : depuis la n\u00e9cessit\u00e9 \u00e9vidente de redonner du sens au travail[[Voir Thomas Coutrot et Coralie Perez : <em>Redonner sens au travail. Un aspiration r\u00e9volutionnaire<\/em>, Seuil, septembre 2022.]], d\u2019abaisser le temps de travail et d\u2019augmenter les emplois dans les services vitaux et la production des biens communs de l\u2019\u00e9ducation et de la formation, de la sant\u00e9, de la culture. Jusqu\u2019\u00e0 la mise en cause des surco\u00fbts du capital, des profits et des in\u00e9galit\u00e9s ind\u00e9centes. En passant par un red\u00e9ploiement de l\u2019\u00e9conomie non plus r\u00e9gi et r\u00e9gul\u00e9 par la rentabilit\u00e9, mais par la satisfaction des besoins, une vie d\u00e9cente dans et par son travail, une plan\u00e8te  sauvegard\u00e9e et un monde partout vivable.<\/p>\n<p>&nbsp;<\/p>\n<p>\n<a href=\"https:\/\/wp.muchomaas.com\/auteur\/bernard-marx\"><strong>Bernard Marx<\/strong><\/a><div id='gallery-1' class='gallery galleryid-13832 gallery-columns-3 gallery-size-thumbnail'><figure class='gallery-item'>\n\t\t\t<div class='gallery-icon landscape'>\n\t\t\t\t<a href='https:\/\/archives.regards.fr\/wp-content\/uploads\/2022\/11\/screenshot_2022-11-16_12-ed5.20.04.png'><img loading=\"lazy\" decoding=\"async\" width=\"150\" height=\"150\" src=\"https:\/\/archives.regards.fr\/wp-content\/uploads\/2022\/11\/screenshot_2022-11-16_12-ed5.20.04-150x150.png\" class=\"attachment-thumbnail size-thumbnail\" alt=\"screenshot_2022-11-16_12.20.04.png\" \/><\/a>\n\t\t\t<\/div><\/figure><figure class='gallery-item'>\n\t\t\t<div class='gallery-icon landscape'>\n\t\t\t\t<a href='https:\/\/archives.regards.fr\/wp-content\/uploads\/2022\/11\/screenshot_2022-11-16_12-369.21.57.png'><img loading=\"lazy\" decoding=\"async\" width=\"150\" height=\"150\" src=\"https:\/\/archives.regards.fr\/wp-content\/uploads\/2022\/11\/screenshot_2022-11-16_12-369.21.57-150x150.png\" class=\"attachment-thumbnail size-thumbnail\" alt=\"screenshot_2022-11-16_12.21.57.png\" \/><\/a>\n\t\t\t<\/div><\/figure><figure class='gallery-item'>\n\t\t\t<div class='gallery-icon landscape'>\n\t\t\t\t<a href='https:\/\/archives.regards.fr\/wp-content\/uploads\/2022\/11\/screenshot_2022-11-16_12-576.23.33.png'><img loading=\"lazy\" decoding=\"async\" width=\"150\" height=\"150\" src=\"https:\/\/archives.regards.fr\/wp-content\/uploads\/2022\/11\/screenshot_2022-11-16_12-576.23.33-150x150.png\" class=\"attachment-thumbnail size-thumbnail\" alt=\"screenshot_2022-11-16_12.23.33.png\" \/><\/a>\n\t\t\t<\/div><\/figure>\n\t\t<\/div>\n<\/p>\n","protected":false},"excerpt":{"rendered":"<p>La France serait un pays de <em>\u00ab flemmards \u00bb<\/em>, incomp\u00e9tents et improductifs. Voil\u00e0 sur quelle base le gouvernement, le patronat et tous leurs chiens de garde entendent justifier leurs r\u00e9formes r\u00e9gressives.<\/p>\n","protected":false},"author":1240,"featured_media":32656,"comment_status":"open","ping_status":"open","sticky":false,"template":"","format":"standard","meta":{"_themeisle_gutenberg_block_has_review":false,"footnotes":""},"categories":[272],"tags":[357,304],"class_list":["post-13832","post","type-post","status-publish","format-standard","has-post-thumbnail","hentry","category-mad-marx","tag-chronique","tag-travail"],"_links":{"self":[{"href":"https:\/\/archives.regards.fr\/index.php?rest_route=\/wp\/v2\/posts\/13832","targetHints":{"allow":["GET"]}}],"collection":[{"href":"https:\/\/archives.regards.fr\/index.php?rest_route=\/wp\/v2\/posts"}],"about":[{"href":"https:\/\/archives.regards.fr\/index.php?rest_route=\/wp\/v2\/types\/post"}],"author":[{"embeddable":true,"href":"https:\/\/archives.regards.fr\/index.php?rest_route=\/wp\/v2\/users\/1240"}],"replies":[{"embeddable":true,"href":"https:\/\/archives.regards.fr\/index.php?rest_route=%2Fwp%2Fv2%2Fcomments&post=13832"}],"version-history":[{"count":0,"href":"https:\/\/archives.regards.fr\/index.php?rest_route=\/wp\/v2\/posts\/13832\/revisions"}],"wp:featuredmedia":[{"embeddable":true,"href":"https:\/\/archives.regards.fr\/index.php?rest_route=\/wp\/v2\/media\/32656"}],"wp:attachment":[{"href":"https:\/\/archives.regards.fr\/index.php?rest_route=%2Fwp%2Fv2%2Fmedia&parent=13832"}],"wp:term":[{"taxonomy":"category","embeddable":true,"href":"https:\/\/archives.regards.fr\/index.php?rest_route=%2Fwp%2Fv2%2Fcategories&post=13832"},{"taxonomy":"post_tag","embeddable":true,"href":"https:\/\/archives.regards.fr\/index.php?rest_route=%2Fwp%2Fv2%2Ftags&post=13832"}],"curies":[{"name":"wp","href":"https:\/\/api.w.org\/{rel}","templated":true}]}}