{"id":13827,"date":"2022-11-12T18:30:00","date_gmt":"2022-11-12T17:30:00","guid":{"rendered":"https:\/\/wp.muchomaas.com\/article-debrief-reorganisation-de-lfi-ruffin-soc-dem-hanouna-bebe-trump-corrida-ou-pas\/"},"modified":"2023-06-24T00:32:44","modified_gmt":"2023-06-23T22:32:44","slug":"article-debrief-reorganisation-de-lfi-ruffin-soc-dem-hanouna-bebe-trump-corrida-ou-pas","status":"publish","type":"post","link":"https:\/\/archives.regards.fr\/?p=13827","title":{"rendered":"#D\u00c9BRIEF. R\u00e9organisation de LFI, Ruffin soc-d\u00e9m, Hanouna b\u00e9b\u00e9 Trump, corrida ou pas corrida ?"},"content":{"rendered":"<p class=\"post_excerpt\">Cette semaine, au menu du d\u00e9brief avec Catherine Tricot et Pablo Pillaud-Vivien :<br \/>\n&#8211; la r\u00e9organisation de La France insoumise<br \/>\n&#8211; Ruffin social-d\u00e9mocrate ?<br \/>\n&#8211; Hanouna, b\u00e9b\u00e9 Trump<br \/>\n&#8211; Corrida ou pas corrida ?<\/p>\n<p><iframe loading=\"lazy\" width=\"490\" height=\"276\" src=\"https:\/\/www.youtube.com\/embed\/xpUBtbCSoFU\" title=\"YouTube video player\" frameborder=\"0\" allow=\"accelerometer; autoplay; clipboard-write; encrypted-media; gyroscope; picture-in-picture\" allowfullscreen><\/iframe><div id='gallery-1' class='gallery galleryid-13827 gallery-columns-3 gallery-size-thumbnail'><figure class='gallery-item'>\n\t\t\t<div class='gallery-icon landscape'>\n\t\t\t\t<a href='https:\/\/archives.regards.fr\/wp-content\/uploads\/2022\/10\/article_debrief-3-5-2-3-79c.png'><img loading=\"lazy\" decoding=\"async\" width=\"150\" height=\"150\" src=\"https:\/\/archives.regards.fr\/wp-content\/uploads\/2022\/10\/article_debrief-3-5-2-3-79c-150x150.png\" class=\"attachment-thumbnail size-thumbnail\" alt=\"article_debrief-3-5-2-3.png\" \/><\/a>\n\t\t\t<\/div><\/figure>\n\t\t<\/div>\n<\/p>\n","protected":false},"excerpt":{"rendered":"<p>Cette semaine, au menu du d\u00e9brief avec Catherine Tricot et Pablo Pillaud-Vivien :<br \/>\n&#8211; la r\u00e9organisation de La France insoumise<br \/>\n&#8211; Ruffin social-d\u00e9mocrate ?<br \/>\n&#8211; Hanouna, b\u00e9b\u00e9 Trump<br \/>\n&#8211; Corrida ou pas corrida ?<\/p>\n","protected":false},"author":1204,"featured_media":32622,"comment_status":"open","ping_status":"open","sticky":false,"template":"","format":"standard","meta":{"_themeisle_gutenberg_block_has_review":false,"footnotes":""},"categories":[279],"tags":[],"class_list":["post-13827","post","type-post","status-publish","format-standard","has-post-thumbnail","hentry","category-videos"],"_links":{"self":[{"href":"https:\/\/archives.regards.fr\/index.php?rest_route=\/wp\/v2\/posts\/13827","targetHints":{"allow":["GET"]}}],"collection":[{"href":"https:\/\/archives.regards.fr\/index.php?rest_route=\/wp\/v2\/posts"}],"about":[{"href":"https:\/\/archives.regards.fr\/index.php?rest_route=\/wp\/v2\/types\/post"}],"author":[{"embeddable":true,"href":"https:\/\/archives.regards.fr\/index.php?rest_route=\/wp\/v2\/users\/1204"}],"replies":[{"embeddable":true,"href":"https:\/\/archives.regards.fr\/index.php?rest_route=%2Fwp%2Fv2%2Fcomments&post=13827"}],"version-history":[{"count":0,"href":"https:\/\/archives.regards.fr\/index.php?rest_route=\/wp\/v2\/posts\/13827\/revisions"}],"wp:featuredmedia":[{"embeddable":true,"href":"https:\/\/archives.regards.fr\/index.php?rest_route=\/wp\/v2\/media\/32622"}],"wp:attachment":[{"href":"https:\/\/archives.regards.fr\/index.php?rest_route=%2Fwp%2Fv2%2Fmedia&parent=13827"}],"wp:term":[{"taxonomy":"category","embeddable":true,"href":"https:\/\/archives.regards.fr\/index.php?rest_route=%2Fwp%2Fv2%2Fcategories&post=13827"},{"taxonomy":"post_tag","embeddable":true,"href":"https:\/\/archives.regards.fr\/index.php?rest_route=%2Fwp%2Fv2%2Ftags&post=13827"}],"curies":[{"name":"wp","href":"https:\/\/api.w.org\/{rel}","templated":true}]}}