{"id":13811,"date":"2022-10-31T09:57:19","date_gmt":"2022-10-31T08:57:19","guid":{"rendered":"https:\/\/wp.muchomaas.com\/article-la-guerre-en-ukraine-menace-l-europe-et-met-en-peril-son-moteur-premier-le\/"},"modified":"2023-06-24T00:32:41","modified_gmt":"2023-06-23T22:32:41","slug":"article-la-guerre-en-ukraine-menace-l-europe-et-met-en-peril-son-moteur-premier-le","status":"publish","type":"post","link":"https:\/\/archives.regards.fr\/?p=13811","title":{"rendered":"\u00abLa guerre en Ukraine menace l&#8217;Europe et met en p\u00e9ril son moteur premier, le couple franco-allemand\u00bb"},"content":{"rendered":"<p class=\"post_excerpt\">La France et l&#8217;Allemagne partagent-elles des int\u00e9r\u00eats communs \u00e0 d\u00e9faut d&#8217;une vision commune ? \u00c0 l&#8217;heure o\u00f9 on glose beaucoup sur le grippage du tandem europ\u00e9en, Ernst Stetter, \u00e9conomiste et politologue, conseiller sp\u00e9ciale pour l&#8217;Europe du pr\u00e9sident de la Fondation Jean Jaur\u00e8s, est l&#8217;invit\u00e9 de #LaMidinale.\n<\/p>\n<p><iframe loading=\"lazy\" width=\"490\" height=\"276\" src=\"https:\/\/www.youtube.com\/embed\/7CDzTiJR-AM\" title=\"YouTube video player\" frameborder=\"0\" allow=\"accelerometer; autoplay; clipboard-write; encrypted-media; gyroscope; picture-in-picture\" allowfullscreen><\/iframe><\/p>\n<div id='gallery-1' class='gallery galleryid-13811 gallery-columns-3 gallery-size-thumbnail'><figure class='gallery-item'>\n\t\t\t<div class='gallery-icon landscape'>\n\t\t\t\t<a href='https:\/\/archives.regards.fr\/wp-content\/uploads\/2022\/10\/article_midinale-151-0b2.png'><img loading=\"lazy\" decoding=\"async\" width=\"150\" height=\"150\" src=\"https:\/\/archives.regards.fr\/wp-content\/uploads\/2022\/10\/article_midinale-151-0b2-150x150.png\" class=\"attachment-thumbnail size-thumbnail\" alt=\"article_midinale-151.png\" \/><\/a>\n\t\t\t<\/div><\/figure>\n\t\t<\/div>\n\n","protected":false},"excerpt":{"rendered":"<p>La France et l&#8217;Allemagne partagent-elles des int\u00e9r\u00eats communs \u00e0 d\u00e9faut d&#8217;une vision commune ? \u00c0 l&#8217;heure o\u00f9 on glose beaucoup sur le grippage du tandem europ\u00e9en, Ernst Stetter, \u00e9conomiste et politologue, conseiller sp\u00e9ciale pour l&#8217;Europe du pr\u00e9sident de la Fondation Jean Jaur\u00e8s, est l&#8217;invit\u00e9 de #LaMidinale.<\/p>\n","protected":false},"author":1204,"featured_media":32620,"comment_status":"open","ping_status":"open","sticky":false,"template":"","format":"standard","meta":{"_themeisle_gutenberg_block_has_review":false,"footnotes":""},"categories":[238],"tags":[],"class_list":["post-13811","post","type-post","status-publish","format-standard","has-post-thumbnail","hentry","category-la-midinale"],"_links":{"self":[{"href":"https:\/\/archives.regards.fr\/index.php?rest_route=\/wp\/v2\/posts\/13811","targetHints":{"allow":["GET"]}}],"collection":[{"href":"https:\/\/archives.regards.fr\/index.php?rest_route=\/wp\/v2\/posts"}],"about":[{"href":"https:\/\/archives.regards.fr\/index.php?rest_route=\/wp\/v2\/types\/post"}],"author":[{"embeddable":true,"href":"https:\/\/archives.regards.fr\/index.php?rest_route=\/wp\/v2\/users\/1204"}],"replies":[{"embeddable":true,"href":"https:\/\/archives.regards.fr\/index.php?rest_route=%2Fwp%2Fv2%2Fcomments&post=13811"}],"version-history":[{"count":0,"href":"https:\/\/archives.regards.fr\/index.php?rest_route=\/wp\/v2\/posts\/13811\/revisions"}],"wp:featuredmedia":[{"embeddable":true,"href":"https:\/\/archives.regards.fr\/index.php?rest_route=\/wp\/v2\/media\/32620"}],"wp:attachment":[{"href":"https:\/\/archives.regards.fr\/index.php?rest_route=%2Fwp%2Fv2%2Fmedia&parent=13811"}],"wp:term":[{"taxonomy":"category","embeddable":true,"href":"https:\/\/archives.regards.fr\/index.php?rest_route=%2Fwp%2Fv2%2Fcategories&post=13811"},{"taxonomy":"post_tag","embeddable":true,"href":"https:\/\/archives.regards.fr\/index.php?rest_route=%2Fwp%2Fv2%2Ftags&post=13811"}],"curies":[{"name":"wp","href":"https:\/\/api.w.org\/{rel}","templated":true}]}}