{"id":13807,"date":"2022-10-25T15:10:11","date_gmt":"2022-10-25T13:10:11","guid":{"rendered":"https:\/\/wp.muchomaas.com\/article-asap-motion-de-censure-alerte-marine\/"},"modified":"2023-06-24T00:32:40","modified_gmt":"2023-06-23T22:32:40","slug":"article-asap-motion-de-censure-alerte-marine","status":"publish","type":"post","link":"https:\/\/archives.regards.fr\/?p=13807","title":{"rendered":"#ASAP. Motion de censure : alerte Marine"},"content":{"rendered":"<p class=\"post_excerpt\">Quels enseignements tirer du vote des d\u00e9put\u00e9s du Rassemblement national pour la motion de censure d\u00e9pos\u00e9e par la NUPES ? Le point avec Pablo Pillaud-Vivien.<\/p>\n<p><iframe loading=\"lazy\" width=\"490\" height=\"276\" src=\"https:\/\/www.youtube.com\/embed\/ys7BfErTxwI\" title=\"YouTube video player\" frameborder=\"0\" allow=\"accelerometer; autoplay; clipboard-write; encrypted-media; gyroscope; picture-in-picture\" allowfullscreen><\/iframe><\/p>\n<p>&nbsp;<\/p>\n<p>Hier, lundi 25 octobre, ont \u00e9t\u00e9 rejet\u00e9es trois motions de censure diff\u00e9rentes : deux qui avaient \u00e9t\u00e9 d\u00e9pos\u00e9es par la NUPES, et la troisi\u00e8me par le Rassemblement national. Il y a une qui a un peu plus fait parler d&#8217;elle : c\u2019est une motion qui avait \u00e9t\u00e9 d\u00e9pos\u00e9e par la NUPES et qui a \u00e9t\u00e9 vot\u00e9e \u2013 \u00e7a a un peu \u00e9t\u00e9 un coup de th\u00e9\u00e2tre en fin d&#8217;apr\u00e8s-midi \u2013 par les d\u00e9put\u00e9s du RN. \u00c7a n&#8217;a n\u00e9anmoins pas suffi parce qu&#8217;il n&#8217;y a eu que 239 d\u00e9put\u00e9s qui ont vot\u00e9 pour alors qu&#8217;il en fallait 289 pour aller jusqu&#8217;au bout.<\/p>\n<p>&nbsp;<\/p>\n<p>\n<strong>VOIR AUSSI SUR REGARDS.FR<br \/>\n>><\/strong> <em><a href=\"https:\/\/wp.muchomaas.com\/videos\/article\/retour-sur-une-semaine-chaotique-greves-49-3-liz-truss-lola\">#D\u00c9BRIEF. Faut-il voter la motion de censure avec le RN ?<\/a><\/em><\/p>\n<p>&nbsp;<\/p>\n<p>J&#8217;en tire n\u00e9anmoins deux enseignements principaux. Le premier, c&#8217;est que cela prolonge la strat\u00e9gie de faux pragmatisme affich\u00e9 et pr\u00f4n\u00e9 par Marine Le Pen depuis quelques temps d\u00e9j\u00e0, qui serait de montrer qu\u2019elle est capable d&#8217;aller prendre le meilleur chez ses adversaires, voire d&#8217;aller dialoguer avec eux, et que cela d\u00e9montrerait sa capacit\u00e9 \u00e0 diriger le pays. C&#8217;est un jeu dangereux et il faut que la gauche y soit particuli\u00e8rement vigilante\u2026 mais elle l&#8217;est d\u00e9j\u00e0, notamment quand elle rappelle, \u00e0 longueurs de r\u00e9seaux sociaux et dans les m\u00e9dias, le pass\u00e9 et le pr\u00e9sent racistes du Rassemblement national, mais aussi ses positions antisociales \u2013 lorsqu&#8217;il s&#8217;agit de voter, par exemple, pour la hausse du SMIC ou pour le r\u00e9tablissement de l&#8217;ISF.<\/p>\n<p>Le deuxi\u00e8me enseignement que j&#8217;en tire, c&#8217;est celui d&#8217;un danger. Un danger pour la gauche : celui de la construction, bon an, mal an, parfois de fa\u00e7on inconsciente, d&#8217;une sorte de majorit\u00e9 alternative \u00e0 celle qui tient actuellement les r\u00eanes du pouvoir. Je sais bien qu&#8217;il n\u2019y a absolument aucune accointance id\u00e9ologique entre, d&#8217;une part, la gauche, et, d&#8217;autre part, l&#8217;extr\u00eame droite, mais je tenais tout de m\u00eame \u00e0 rappeler \u00e0 quel point il faut se m\u00e9fier des concordances strat\u00e9giques m\u00eame hyper circonstancielles \u2013 comme \u00e7a a \u00e9t\u00e9 le cas hier sur la motion de censure \u2013 entre la gauche et l&#8217;extr\u00eame droite. Parce que le danger, c&#8217;est que dans le moment qui est le n\u00f4tre aujourd&#8217;hui, o\u00f9 l&#8217;extr\u00eame droite est si puissante, c&#8217;est qu&#8217;\u00e0 la fin, ce soit elle qui rafle la mise.<\/p>\n<p>&nbsp;<\/p>\n<p>\n<a href=\"https:\/\/wp.muchomaas.com\/auteur\/pablo-pillaud-vivien-2445\"><strong>Pablo Pillaud-Vivien<\/strong><\/a><div id='gallery-1' class='gallery galleryid-13807 gallery-columns-3 gallery-size-thumbnail'><figure class='gallery-item'>\n\t\t\t<div class='gallery-icon landscape'>\n\t\t\t\t<a href='https:\/\/archives.regards.fr\/wp-content\/uploads\/2022\/10\/asap-2-e94.png'><img loading=\"lazy\" decoding=\"async\" width=\"150\" height=\"150\" src=\"https:\/\/archives.regards.fr\/wp-content\/uploads\/2022\/10\/asap-2-e94-150x150.png\" class=\"attachment-thumbnail size-thumbnail\" alt=\"asap-2.png\" \/><\/a>\n\t\t\t<\/div><\/figure>\n\t\t<\/div>\n<\/p>\n","protected":false},"excerpt":{"rendered":"<p>Quels enseignements tirer du vote des d\u00e9put\u00e9s du Rassemblement national pour la motion de censure d\u00e9pos\u00e9e par la NUPES ? Le point avec Pablo Pillaud-Vivien.<\/p>\n","protected":false},"author":1204,"featured_media":32613,"comment_status":"open","ping_status":"open","sticky":false,"template":"","format":"standard","meta":{"_themeisle_gutenberg_block_has_review":false,"footnotes":""},"categories":[279],"tags":[508],"class_list":["post-13807","post","type-post","status-publish","format-standard","has-post-thumbnail","hentry","category-videos","tag-assemblee-nationale"],"_links":{"self":[{"href":"https:\/\/archives.regards.fr\/index.php?rest_route=\/wp\/v2\/posts\/13807","targetHints":{"allow":["GET"]}}],"collection":[{"href":"https:\/\/archives.regards.fr\/index.php?rest_route=\/wp\/v2\/posts"}],"about":[{"href":"https:\/\/archives.regards.fr\/index.php?rest_route=\/wp\/v2\/types\/post"}],"author":[{"embeddable":true,"href":"https:\/\/archives.regards.fr\/index.php?rest_route=\/wp\/v2\/users\/1204"}],"replies":[{"embeddable":true,"href":"https:\/\/archives.regards.fr\/index.php?rest_route=%2Fwp%2Fv2%2Fcomments&post=13807"}],"version-history":[{"count":0,"href":"https:\/\/archives.regards.fr\/index.php?rest_route=\/wp\/v2\/posts\/13807\/revisions"}],"wp:featuredmedia":[{"embeddable":true,"href":"https:\/\/archives.regards.fr\/index.php?rest_route=\/wp\/v2\/media\/32613"}],"wp:attachment":[{"href":"https:\/\/archives.regards.fr\/index.php?rest_route=%2Fwp%2Fv2%2Fmedia&parent=13807"}],"wp:term":[{"taxonomy":"category","embeddable":true,"href":"https:\/\/archives.regards.fr\/index.php?rest_route=%2Fwp%2Fv2%2Fcategories&post=13807"},{"taxonomy":"post_tag","embeddable":true,"href":"https:\/\/archives.regards.fr\/index.php?rest_route=%2Fwp%2Fv2%2Ftags&post=13807"}],"curies":[{"name":"wp","href":"https:\/\/api.w.org\/{rel}","templated":true}]}}