{"id":13802,"date":"2022-10-22T18:37:31","date_gmt":"2022-10-22T16:37:31","guid":{"rendered":"https:\/\/wp.muchomaas.com\/article-demission-de-liz-truss-pour-l-angleterre-les-perspectives-sont-assez-sombres\/"},"modified":"2023-06-24T00:32:34","modified_gmt":"2023-06-23T22:32:34","slug":"article-demission-de-liz-truss-pour-l-angleterre-les-perspectives-sont-assez-sombres","status":"publish","type":"post","link":"https:\/\/archives.regards.fr\/?p=13802","title":{"rendered":"D\u00e9mission de Liz Truss : \u00ab Pour l&#8217;Angleterre, les perspectives sont assez sombres \u00bb"},"content":{"rendered":"<p class=\"post_excerpt\">Au lendemain de la d\u00e9mission de l&#8217;\u00e9ph\u00e9m\u00e8re Premi\u00e8re ministre britannique, quel est l&#8217;\u00e9tat de la d\u00e9mocratie de nos voisins d&#8217;Outre-Manche ? Thierry Labica, ma\u00eetre de conf\u00e9rence \u00e0 l&#8217;universit\u00e9 de Nanterre, est l&#8217;invit\u00e9 de #LaMidinale.<\/p>\n<p><iframe loading=\"lazy\" width=\"490\" height=\"276\" src=\"https:\/\/www.youtube.com\/embed\/0t257OM9U_I\" title=\"YouTube video player\" frameborder=\"0\" allow=\"accelerometer; autoplay; clipboard-write; encrypted-media; gyroscope; picture-in-picture\" allowfullscreen><\/iframe><br \/>\n<div id='gallery-1' class='gallery galleryid-13802 gallery-columns-3 gallery-size-thumbnail'><figure class='gallery-item'>\n\t\t\t<div class='gallery-icon landscape'>\n\t\t\t\t<a href='https:\/\/archives.regards.fr\/wp-content\/uploads\/2022\/10\/article_midinale-149-f00.png'><img loading=\"lazy\" decoding=\"async\" width=\"150\" height=\"150\" src=\"https:\/\/archives.regards.fr\/wp-content\/uploads\/2022\/10\/article_midinale-149-f00-150x150.png\" class=\"attachment-thumbnail size-thumbnail\" alt=\"article_midinale-149.png\" \/><\/a>\n\t\t\t<\/div><\/figure>\n\t\t<\/div>\n<\/p>\n","protected":false},"excerpt":{"rendered":"<p>Au lendemain de la d\u00e9mission de l&#8217;\u00e9ph\u00e9m\u00e8re Premi\u00e8re ministre britannique, quel est l&#8217;\u00e9tat de la d\u00e9mocratie de nos voisins d&#8217;Outre-Manche ? Thierry Labica, ma\u00eetre de conf\u00e9rence \u00e0 l&#8217;universit\u00e9 de Nanterre, est l&#8217;invit\u00e9 de #LaMidinale.<\/p>\n","protected":false},"author":1204,"featured_media":32602,"comment_status":"open","ping_status":"open","sticky":false,"template":"","format":"standard","meta":{"_themeisle_gutenberg_block_has_review":false,"footnotes":""},"categories":[238],"tags":[],"class_list":["post-13802","post","type-post","status-publish","format-standard","has-post-thumbnail","hentry","category-la-midinale"],"_links":{"self":[{"href":"https:\/\/archives.regards.fr\/index.php?rest_route=\/wp\/v2\/posts\/13802","targetHints":{"allow":["GET"]}}],"collection":[{"href":"https:\/\/archives.regards.fr\/index.php?rest_route=\/wp\/v2\/posts"}],"about":[{"href":"https:\/\/archives.regards.fr\/index.php?rest_route=\/wp\/v2\/types\/post"}],"author":[{"embeddable":true,"href":"https:\/\/archives.regards.fr\/index.php?rest_route=\/wp\/v2\/users\/1204"}],"replies":[{"embeddable":true,"href":"https:\/\/archives.regards.fr\/index.php?rest_route=%2Fwp%2Fv2%2Fcomments&post=13802"}],"version-history":[{"count":0,"href":"https:\/\/archives.regards.fr\/index.php?rest_route=\/wp\/v2\/posts\/13802\/revisions"}],"wp:featuredmedia":[{"embeddable":true,"href":"https:\/\/archives.regards.fr\/index.php?rest_route=\/wp\/v2\/media\/32602"}],"wp:attachment":[{"href":"https:\/\/archives.regards.fr\/index.php?rest_route=%2Fwp%2Fv2%2Fmedia&parent=13802"}],"wp:term":[{"taxonomy":"category","embeddable":true,"href":"https:\/\/archives.regards.fr\/index.php?rest_route=%2Fwp%2Fv2%2Fcategories&post=13802"},{"taxonomy":"post_tag","embeddable":true,"href":"https:\/\/archives.regards.fr\/index.php?rest_route=%2Fwp%2Fv2%2Ftags&post=13802"}],"curies":[{"name":"wp","href":"https:\/\/api.w.org\/{rel}","templated":true}]}}