{"id":13800,"date":"2022-10-22T13:05:42","date_gmt":"2022-10-22T11:05:42","guid":{"rendered":"https:\/\/wp.muchomaas.com\/article-tribune-halte-a-la-recuperation-politique-des-faits-divers\/"},"modified":"2023-06-24T00:32:34","modified_gmt":"2023-06-23T22:32:34","slug":"article-tribune-halte-a-la-recuperation-politique-des-faits-divers","status":"publish","type":"post","link":"https:\/\/archives.regards.fr\/?p=13800","title":{"rendered":"TRIBUNE. Halte \u00e0 la r\u00e9cup\u00e9ration politique des faits divers"},"content":{"rendered":"<p class=\"post_excerpt\">Le meurtre de Lola, d\u2019une rare atrocit\u00e9, a provoqu\u00e9 un effet d\u2019aubaine pour certaines personnalit\u00e9s politiques r\u00e9solues \u00e0 en tirer des fruits purement \u00e9lectoralistes, au risque de l\u2019ind\u00e9cence, alerte l&#8217;avocat Vincent Brengarth.<\/p>\n<p>Cette r\u00e9cup\u00e9ration politique entra\u00eene insidieusement une d\u00e9possession de l\u2019appareil judiciaire, d\u00e9pass\u00e9 par un tel traitement m\u00e9diatique, et ce qui l\u2019escorte, une divulgation incontr\u00f4lable d\u2019\u00e9l\u00e9ments de l\u2019enqu\u00eate ou de totale d\u00e9sinformation. Cette d\u00e9possession se traduit aussi par une perte de la maitrise et du sens des mots, Eric Zemmour n\u2019h\u00e9sitant pas \u00e0 qualifier l\u2019acte de <em>\u00ab francocide \u00bb<\/em>\u00a0: <em>\u00ab C\u2019est un francocide, c\u2019est un crime commis contre un Fran\u00e7ais par un \u00e9tranger. Ce n\u2019est pas le crime individuel qui compte, c\u2019est la masse \u00bb. Le s\u00e9nateur LR Bruno Retailleau n\u2019a pas manqu\u00e9 affirmer\u00a0: \u00ab\u00a0Le d\u00e9sordre migratoire peut tuer. Si cette Alg\u00e9rienne n&#8217;avait pas \u00e9t\u00e9 sur le sol fran\u00e7ais, Lola aurait \u00e9t\u00e9 encore en vie\u00a0\u00bb<\/em>. Le proc\u00e8s est d\u00e9j\u00e0 rendu, les responsabilit\u00e9s act\u00e9es, et les cibles d\u00e9sign\u00e9es.<\/p>\n<p>Cette instrumentalisation \u00e0 grand train, qui profite d\u2019un boulevard m\u00e9diatique, a oblig\u00e9 l\u2019ex\u00e9cutif \u00e0 r\u00e9agir, \u00e0 l\u2019heure o\u00f9 les opinions d\u00e9magogiques ont remplac\u00e9 les id\u00e9es. Si G\u00e9rald Darmanin a pu d\u00e9clarer, mardi 18 octobre 2022, <em>\u00ab\u00a0En plus du drame ignoble qui touche cette famille, il y a beaucoup d&#8217;ind\u00e9cence de la part de personnes qui transforment cette histoire en tract \u00e9lectoral\u00a0\u00bb<\/em>, le porte-parole du Gouvernement, Olivier V\u00e9ran n\u2019a pas manqu\u00e9 d\u2019affirmer le lendemain\u00a0: <em>\u00ab Nous travaillons d\u2019arrache-pied pour faire en sorte que les expulsions [soient] suivies d\u2019effets \u00bb<\/em>. G\u00e9rald Darmanin a finalement particip\u00e9 \u00e0 la surench\u00e8re le 20 octobre\u00a0: <em>\u00ab Il faut bien s\u00fbr faire plus et j\u2019y travaille chaque jour, mais tout ne se r\u00e8gle pas avec un coup de baguette magique\u00a0\u00bb<\/em>.\u00a0Le Gouvernement est ainsi partag\u00e9 entre la volont\u00e9 de se d\u00e9fendre des attaques de l\u2019extr\u00eame droite, en appelant donc \u00e0 r\u00e9sister \u00e0 l\u2019instrumentalisation, et celle de participer \u00e0 cette m\u00eame r\u00e9cup\u00e9ration.<\/p>\n<h2>R\u00e9action, \u00e9motion et basses manoeuvres politiques<\/h2>\n<p>Avant toute information judiciaire, l\u2019opinion publique est somm\u00e9e de prendre parti, \u00e0 l\u2019aveugle et \u00e0 chaud. La pr\u00e9somption d\u2019innocence est relay\u00e9e au rang de chim\u00e8re, comme si les investigations ne devaient avoir aucun sens, si ce n\u2019est celui d\u2019entamer le chemin vers une justice pr\u00e9tendument laxiste. La v\u00e9rit\u00e9 judiciaire est atomis\u00e9e sur l\u2019autel de la r\u00e9cup\u00e9ration m\u00e9diatique et politique. Son importance ne sera plus que secondaire, une fois l\u2019affaire largement comment\u00e9e, avant de donner place \u00e0 un autre drame. Comptant sur le voyeurisme, on nous repa\u00eet des d\u00e9tails macabres, en m\u00eame temps qu\u2019on nous contraint \u00e0 voir dans l\u2019acte individuel un mal plus profond, \u00e9videmment \u00e9troitement li\u00e9 \u00e0 la pr\u00e9sence d\u2019\u00e9trangers en situation irr\u00e9guli\u00e8re sur le territoire national. De nombreux responsable politiques ont \u00e9galement renonc\u00e9 \u00e0 tout r\u00f4le p\u00e9dagogique, \u00e0 une \u00e9poque o\u00f9 le traitement dans l\u2019imm\u00e9diatet\u00e9 de l\u2019information, en continu \u00e0 la t\u00e9l\u00e9vision et sur internet, les r\u00e9seaux sociaux, contraignent \u00e0 partager un avis sur tout, avec des informations souvent partielles et ni toujours v\u00e9rifi\u00e9es ni toujours v\u00e9rifiables.<\/p>\n<p>Il est indispensable d\u2019appeler \u00e0 la mesure. Le plus ironique est que ceux qui croient militer pour ce qui serait une <em>\u00ab\u00a0identit\u00e9 nationale\u00a0\u00bb<\/em>, par leur action, contribue \u00e0 d\u00e9tricoter les rep\u00e8res qui constituent la R\u00e9publique, dont celui de la justice, pouvant servir de boussole contre les exc\u00e8s m\u00e9diatiques et leur affolement. Il faut dire aussi que certains peuvent pr\u00e9cis\u00e9ment chercher \u00e0 la discr\u00e9diter, pour justifier des condamnations pass\u00e9es ou \u00e0 des mises en cause. Le fait divers sert non seulement une utilisation id\u00e9ologique mais, plus grave encore, cette utilisation exploite l\u2019\u00e9motion provoqu\u00e9 par l\u2019acte. Cette \u00e9motion se retrouve m\u00e9caniquement dirig\u00e9e vers une partie de la population, qui finit d\u2019\u00eatre stigmatis\u00e9e par l\u2019effet de l\u2019amalgame. La barbarie a toujours exist\u00e9 et elle n\u2019a pas de couleur. Toujours au pr\u00e9texte de la d\u00e9fense de la protection de notre <em>\u00ab\u00a0identit\u00e9\u00a0\u00bb<\/em>, ces m\u00eames responsables politiques jouent des outils de la soci\u00e9t\u00e9 moderne, pourtant les premiers qui, non maitris\u00e9s, favorisent le d\u00e9clin de la nuance et de la r\u00e9flexion. <\/p>\n<h2>Justice, r\u00e9flexions et vivre-ensemble<\/h2>\n<p>De tout temps, des faits divers ont donn\u00e9 lieu \u00e0 des commentaires politiques. Cette utilisation publique ne doit pas toujours \u00eatre condamn\u00e9e car, lorsqu\u2019elle est faite avec mesure, elle peut concourir \u00e0 aider \u00e0 am\u00e9liorer des l\u00e9gislations et des politiques publiques. Si certaines id\u00e9es, celles qui pr\u00eachent la haine et le rejet, ne devraient pas avoir leur place dans le d\u00e9bat public, la divergence des opinions est aussi une garantie d\u00e9mocratique. Le Conseil constitutionnel a consacr\u00e9 le pluralisme des courants d\u2019id\u00e9es et d\u2019opinions qui constitue le fondement de la d\u00e9mocratie. La justice est \u00e9galement perfectible et a besoin d\u2019\u00eatre questionn\u00e9e, lorsque ce questionnement ne se confond pas avec le discr\u00e9dit et des tentatives \u00e0 peine dissimul\u00e9es de peser sur la d\u00e9cision judiciaire.<\/p>\n<p>On ne peut que s\u2019interroger sur le chemin pris par notre soci\u00e9t\u00e9 lorsqu\u2019un policier vient t\u00e9moigner anonymement de faits couverts par le secret de l\u2019enqu\u00eate et de l\u2019instruction et que les m\u00e9dias s\u2019en repaissent en d\u00e9pit de toute d\u00e9cence. Il est indispensable d\u2019attendre de nos responsables politiques qu\u2019ils nous prot\u00e8gent pr\u00e9cis\u00e9ment des r\u00e9ponses faciles que provoquent les \u00e9motions vives mais aussi du traitement m\u00e9diatique moderne qui dessert trop souvent la r\u00e9flexion. Laissons \u00e0 la justice le temps de faire son office, r\u00e9fl\u00e9chissons aux moyens d\u2019\u00e9viter de tels drames, sans pour autant en faire les outils d\u2019une logique de confrontation qui ne peut que d\u00e9grader notre capacit\u00e9 \u00e0 vivre ensemble. <div id='gallery-1' class='gallery galleryid-13800 gallery-columns-3 gallery-size-thumbnail'><figure class='gallery-item'>\n\t\t\t<div class='gallery-icon landscape'>\n\t\t\t\t<a href='https:\/\/archives.regards.fr\/wp-content\/uploads\/2022\/10\/capture_d_ecran_2022-10-22_a_12-5a6.59.01.png'><img loading=\"lazy\" decoding=\"async\" width=\"150\" height=\"150\" src=\"https:\/\/archives.regards.fr\/wp-content\/uploads\/2022\/10\/capture_d_ecran_2022-10-22_a_12-5a6.59.01-150x150.png\" class=\"attachment-thumbnail size-thumbnail\" alt=\"capture_d_ecran_2022-10-22_a_12.59.01.png\" \/><\/a>\n\t\t\t<\/div><\/figure>\n\t\t<\/div>\n<\/p>\n","protected":false},"excerpt":{"rendered":"<p>Le meurtre de Lola, d\u2019une rare atrocit\u00e9, a provoqu\u00e9 un effet d\u2019aubaine pour certaines personnalit\u00e9s politiques r\u00e9solues \u00e0 en tirer des fruits purement \u00e9lectoralistes, au risque de l\u2019ind\u00e9cence, alerte l&#8217;avocat Vincent Brengarth.<\/p>\n","protected":false},"author":1,"featured_media":32596,"comment_status":"open","ping_status":"open","sticky":false,"template":"","format":"standard","meta":{"_themeisle_gutenberg_block_has_review":false,"footnotes":""},"categories":[6],"tags":[],"class_list":["post-13800","post","type-post","status-publish","format-standard","has-post-thumbnail","hentry","category-actu"],"_links":{"self":[{"href":"https:\/\/archives.regards.fr\/index.php?rest_route=\/wp\/v2\/posts\/13800","targetHints":{"allow":["GET"]}}],"collection":[{"href":"https:\/\/archives.regards.fr\/index.php?rest_route=\/wp\/v2\/posts"}],"about":[{"href":"https:\/\/archives.regards.fr\/index.php?rest_route=\/wp\/v2\/types\/post"}],"author":[{"embeddable":true,"href":"https:\/\/archives.regards.fr\/index.php?rest_route=\/wp\/v2\/users\/1"}],"replies":[{"embeddable":true,"href":"https:\/\/archives.regards.fr\/index.php?rest_route=%2Fwp%2Fv2%2Fcomments&post=13800"}],"version-history":[{"count":0,"href":"https:\/\/archives.regards.fr\/index.php?rest_route=\/wp\/v2\/posts\/13800\/revisions"}],"wp:featuredmedia":[{"embeddable":true,"href":"https:\/\/archives.regards.fr\/index.php?rest_route=\/wp\/v2\/media\/32596"}],"wp:attachment":[{"href":"https:\/\/archives.regards.fr\/index.php?rest_route=%2Fwp%2Fv2%2Fmedia&parent=13800"}],"wp:term":[{"taxonomy":"category","embeddable":true,"href":"https:\/\/archives.regards.fr\/index.php?rest_route=%2Fwp%2Fv2%2Fcategories&post=13800"},{"taxonomy":"post_tag","embeddable":true,"href":"https:\/\/archives.regards.fr\/index.php?rest_route=%2Fwp%2Fv2%2Ftags&post=13800"}],"curies":[{"name":"wp","href":"https:\/\/api.w.org\/{rel}","templated":true}]}}