{"id":13799,"date":"2022-10-21T17:44:11","date_gmt":"2022-10-21T15:44:11","guid":{"rendered":"https:\/\/wp.muchomaas.com\/article-plus-jeune-plus-pauvre-et-plus-diverse-le-93-condense-l-identite-de-la-gauche\/"},"modified":"2023-06-24T00:32:33","modified_gmt":"2023-06-23T22:32:33","slug":"article-plus-jeune-plus-pauvre-et-plus-diverse-le-93-condense-l-identite-de-la-gauche","status":"publish","type":"post","link":"https:\/\/archives.regards.fr\/?p=13799","title":{"rendered":"\u00ab Plus jeune, plus pauvre et plus diverse, le 93 condense l&#8217;identit\u00e9 de la gauche et de la France \u00bb"},"content":{"rendered":"<p class=\"post_excerpt\">St\u00e9phane Troussel, pr\u00e9sident socialiste du Conseil d\u00e9partemental de Seine-Saint-Denis et auteur de &#8220;Seine-Saint-Denis, la R\u00e9publique au d\u00e9fi&#8221; aux \u00e9ditions de l&#8217;Aube, est l&#8217;invit\u00e9 de #LaMidinale.\n<\/p>\n<p><iframe loading=\"lazy\" width=\"490\" height=\"276\" src=\"https:\/\/www.youtube.com\/embed\/4oOn8hU5G5Q\" title=\"YouTube video player\" frameborder=\"0\" allow=\"accelerometer; autoplay; clipboard-write; encrypted-media; gyroscope; picture-in-picture\" allowfullscreen><\/iframe><div id='gallery-1' class='gallery galleryid-13799 gallery-columns-3 gallery-size-thumbnail'><figure class='gallery-item'>\n\t\t\t<div class='gallery-icon landscape'>\n\t\t\t\t<a href='https:\/\/archives.regards.fr\/wp-content\/uploads\/2022\/10\/article_midinale-148-cd6.png'><img loading=\"lazy\" decoding=\"async\" width=\"150\" height=\"150\" src=\"https:\/\/archives.regards.fr\/wp-content\/uploads\/2022\/10\/article_midinale-148-cd6-150x150.png\" class=\"attachment-thumbnail size-thumbnail\" alt=\"article_midinale-148.png\" \/><\/a>\n\t\t\t<\/div><\/figure>\n\t\t<\/div>\n<\/p>\n","protected":false},"excerpt":{"rendered":"<p>St\u00e9phane Troussel, pr\u00e9sident socialiste du Conseil d\u00e9partemental de Seine-Saint-Denis et auteur de &#8220;Seine-Saint-Denis, la R\u00e9publique au d\u00e9fi&#8221; aux \u00e9ditions de l&#8217;Aube, est l&#8217;invit\u00e9 de #LaMidinale.<\/p>\n","protected":false},"author":1204,"featured_media":32594,"comment_status":"open","ping_status":"open","sticky":false,"template":"","format":"standard","meta":{"_themeisle_gutenberg_block_has_review":false,"footnotes":""},"categories":[238],"tags":[],"class_list":["post-13799","post","type-post","status-publish","format-standard","has-post-thumbnail","hentry","category-la-midinale"],"_links":{"self":[{"href":"https:\/\/archives.regards.fr\/index.php?rest_route=\/wp\/v2\/posts\/13799","targetHints":{"allow":["GET"]}}],"collection":[{"href":"https:\/\/archives.regards.fr\/index.php?rest_route=\/wp\/v2\/posts"}],"about":[{"href":"https:\/\/archives.regards.fr\/index.php?rest_route=\/wp\/v2\/types\/post"}],"author":[{"embeddable":true,"href":"https:\/\/archives.regards.fr\/index.php?rest_route=\/wp\/v2\/users\/1204"}],"replies":[{"embeddable":true,"href":"https:\/\/archives.regards.fr\/index.php?rest_route=%2Fwp%2Fv2%2Fcomments&post=13799"}],"version-history":[{"count":0,"href":"https:\/\/archives.regards.fr\/index.php?rest_route=\/wp\/v2\/posts\/13799\/revisions"}],"wp:featuredmedia":[{"embeddable":true,"href":"https:\/\/archives.regards.fr\/index.php?rest_route=\/wp\/v2\/media\/32594"}],"wp:attachment":[{"href":"https:\/\/archives.regards.fr\/index.php?rest_route=%2Fwp%2Fv2%2Fmedia&parent=13799"}],"wp:term":[{"taxonomy":"category","embeddable":true,"href":"https:\/\/archives.regards.fr\/index.php?rest_route=%2Fwp%2Fv2%2Fcategories&post=13799"},{"taxonomy":"post_tag","embeddable":true,"href":"https:\/\/archives.regards.fr\/index.php?rest_route=%2Fwp%2Fv2%2Ftags&post=13799"}],"curies":[{"name":"wp","href":"https:\/\/api.w.org\/{rel}","templated":true}]}}