{"id":13798,"date":"2022-10-20T16:30:25","date_gmt":"2022-10-20T14:30:25","guid":{"rendered":"https:\/\/wp.muchomaas.com\/article-l-etat-met-ses-moyens-repressifs-a-la-disposition-de-rte-pour-reprimer-les\/"},"modified":"2023-06-24T00:32:33","modified_gmt":"2023-06-23T22:32:33","slug":"article-l-etat-met-ses-moyens-repressifs-a-la-disposition-de-rte-pour-reprimer-les","status":"publish","type":"post","link":"https:\/\/archives.regards.fr\/?p=13798","title":{"rendered":"\u00ab L&#8217;Etat met ses moyens r\u00e9pressifs \u00e0 la disposition de RTE pour r\u00e9primer les gr\u00e9vistes \u00bb"},"content":{"rendered":"<p class=\"post_excerpt\">Lundi 17 octobre, Mathieu Poli, un agent de l&#8217;entreprise de service publique R\u00e9seau de Transport d&#8217;Electricit\u00e9 (RTE), s&#8217;est donn\u00e9 la mort. Il avait \u00e9t\u00e9 entendu par la police le 7 septembre apr\u00e8s avoir particip\u00e9, \u00e0 Angers, au printemps dernier, \u00e0 un mouvement social entra\u00eenant des coupures de courant. Francis Casanova, d\u00e9l\u00e9gu\u00e9 syndical de la CGT de RTE, est l&#8217;invit\u00e9 de #LaMidinale.<\/p>\n<p><iframe loading=\"lazy\" width=\"490\" height=\"276\" src=\"https:\/\/www.youtube.com\/embed\/V5BNeC3vli0\" title=\"YouTube video player\" frameborder=\"0\" allow=\"accelerometer; autoplay; clipboard-write; encrypted-media; gyroscope; picture-in-picture\" allowfullscreen><\/iframe><div id='gallery-1' class='gallery galleryid-13798 gallery-columns-3 gallery-size-thumbnail'><figure class='gallery-item'>\n\t\t\t<div class='gallery-icon landscape'>\n\t\t\t\t<a href='https:\/\/archives.regards.fr\/wp-content\/uploads\/2022\/10\/article_midinale-147-4f3.png'><img loading=\"lazy\" decoding=\"async\" width=\"150\" height=\"150\" src=\"https:\/\/archives.regards.fr\/wp-content\/uploads\/2022\/10\/article_midinale-147-4f3-150x150.png\" class=\"attachment-thumbnail size-thumbnail\" alt=\"article_midinale-147.png\" \/><\/a>\n\t\t\t<\/div><\/figure>\n\t\t<\/div>\n<\/p>\n","protected":false},"excerpt":{"rendered":"<p>Lundi 17 octobre, Mathieu Poli, un agent de l&#8217;entreprise de service publique R\u00e9seau de Transport d&#8217;Electricit\u00e9 (RTE), s&#8217;est donn\u00e9 la mort. Il avait \u00e9t\u00e9 entendu par la police le 7 septembre apr\u00e8s avoir particip\u00e9, \u00e0 Angers, au printemps dernier, \u00e0 un mouvement social entra\u00eenant des coupures de courant. Francis Casanova, d\u00e9l\u00e9gu\u00e9 syndical de la CGT de RTE, est l&#8217;invit\u00e9 de #LaMidinale.<\/p>\n","protected":false},"author":1204,"featured_media":32592,"comment_status":"open","ping_status":"open","sticky":false,"template":"","format":"standard","meta":{"_themeisle_gutenberg_block_has_review":false,"footnotes":""},"categories":[238],"tags":[],"class_list":["post-13798","post","type-post","status-publish","format-standard","has-post-thumbnail","hentry","category-la-midinale"],"_links":{"self":[{"href":"https:\/\/archives.regards.fr\/index.php?rest_route=\/wp\/v2\/posts\/13798","targetHints":{"allow":["GET"]}}],"collection":[{"href":"https:\/\/archives.regards.fr\/index.php?rest_route=\/wp\/v2\/posts"}],"about":[{"href":"https:\/\/archives.regards.fr\/index.php?rest_route=\/wp\/v2\/types\/post"}],"author":[{"embeddable":true,"href":"https:\/\/archives.regards.fr\/index.php?rest_route=\/wp\/v2\/users\/1204"}],"replies":[{"embeddable":true,"href":"https:\/\/archives.regards.fr\/index.php?rest_route=%2Fwp%2Fv2%2Fcomments&post=13798"}],"version-history":[{"count":0,"href":"https:\/\/archives.regards.fr\/index.php?rest_route=\/wp\/v2\/posts\/13798\/revisions"}],"wp:featuredmedia":[{"embeddable":true,"href":"https:\/\/archives.regards.fr\/index.php?rest_route=\/wp\/v2\/media\/32592"}],"wp:attachment":[{"href":"https:\/\/archives.regards.fr\/index.php?rest_route=%2Fwp%2Fv2%2Fmedia&parent=13798"}],"wp:term":[{"taxonomy":"category","embeddable":true,"href":"https:\/\/archives.regards.fr\/index.php?rest_route=%2Fwp%2Fv2%2Fcategories&post=13798"},{"taxonomy":"post_tag","embeddable":true,"href":"https:\/\/archives.regards.fr\/index.php?rest_route=%2Fwp%2Fv2%2Ftags&post=13798"}],"curies":[{"name":"wp","href":"https:\/\/api.w.org\/{rel}","templated":true}]}}