{"id":13795,"date":"2022-10-19T15:38:51","date_gmt":"2022-10-19T13:38:51","guid":{"rendered":"https:\/\/wp.muchomaas.com\/article-reprise-en-main-est-un-film-de-solidarite-avec-les-travailleurs-et-les\/"},"modified":"2023-06-24T00:32:32","modified_gmt":"2023-06-23T22:32:32","slug":"article-reprise-en-main-est-un-film-de-solidarite-avec-les-travailleurs-et-les","status":"publish","type":"post","link":"https:\/\/archives.regards.fr\/?p=13795","title":{"rendered":"\u00ab &#8220;Reprise en main&#8221; est un film de solidarit\u00e9 avec les travailleurs et les travailleuses \u00bb"},"content":{"rendered":"<p class=\"post_excerpt\">Ce mercredi 19 octobre sort en salles \u00ab Reprise en main \u00bb, le premier long-m\u00e9trage de fiction du r\u00e9alisateur Gilles Perret. Deux des acteurs du film, Pierre Deladonchamps et L\u00e6titia Dosch, sont les invit\u00e9s de #LaMidinale.<\/p>\n<p><iframe loading=\"lazy\" width=\"490\" height=\"276\" src=\"https:\/\/www.youtube.com\/embed\/_9Bn1RHPQnI\" title=\"YouTube video player\" frameborder=\"0\" allow=\"accelerometer; autoplay; clipboard-write; encrypted-media; gyroscope; picture-in-picture\" allowfullscreen><\/iframe><div id='gallery-1' class='gallery galleryid-13795 gallery-columns-3 gallery-size-thumbnail'><figure class='gallery-item'>\n\t\t\t<div class='gallery-icon landscape'>\n\t\t\t\t<a href='https:\/\/archives.regards.fr\/wp-content\/uploads\/2022\/10\/article_midinale-145-35f.png'><img loading=\"lazy\" decoding=\"async\" width=\"150\" height=\"150\" src=\"https:\/\/archives.regards.fr\/wp-content\/uploads\/2022\/10\/article_midinale-145-35f-150x150.png\" class=\"attachment-thumbnail size-thumbnail\" alt=\"article_midinale-145.png\" \/><\/a>\n\t\t\t<\/div><\/figure>\n\t\t<\/div>\n<\/p>\n","protected":false},"excerpt":{"rendered":"<p>Ce mercredi 19 octobre sort en salles \u00ab Reprise en main \u00bb, le premier long-m\u00e9trage de fiction du r\u00e9alisateur Gilles Perret. Deux des acteurs du film, Pierre Deladonchamps et L\u00e6titia Dosch, sont les invit\u00e9s de #LaMidinale.<\/p>\n","protected":false},"author":1204,"featured_media":32586,"comment_status":"open","ping_status":"open","sticky":false,"template":"","format":"standard","meta":{"_themeisle_gutenberg_block_has_review":false,"footnotes":""},"categories":[238],"tags":[293],"class_list":["post-13795","post","type-post","status-publish","format-standard","has-post-thumbnail","hentry","category-la-midinale","tag-entretien"],"_links":{"self":[{"href":"https:\/\/archives.regards.fr\/index.php?rest_route=\/wp\/v2\/posts\/13795","targetHints":{"allow":["GET"]}}],"collection":[{"href":"https:\/\/archives.regards.fr\/index.php?rest_route=\/wp\/v2\/posts"}],"about":[{"href":"https:\/\/archives.regards.fr\/index.php?rest_route=\/wp\/v2\/types\/post"}],"author":[{"embeddable":true,"href":"https:\/\/archives.regards.fr\/index.php?rest_route=\/wp\/v2\/users\/1204"}],"replies":[{"embeddable":true,"href":"https:\/\/archives.regards.fr\/index.php?rest_route=%2Fwp%2Fv2%2Fcomments&post=13795"}],"version-history":[{"count":0,"href":"https:\/\/archives.regards.fr\/index.php?rest_route=\/wp\/v2\/posts\/13795\/revisions"}],"wp:featuredmedia":[{"embeddable":true,"href":"https:\/\/archives.regards.fr\/index.php?rest_route=\/wp\/v2\/media\/32586"}],"wp:attachment":[{"href":"https:\/\/archives.regards.fr\/index.php?rest_route=%2Fwp%2Fv2%2Fmedia&parent=13795"}],"wp:term":[{"taxonomy":"category","embeddable":true,"href":"https:\/\/archives.regards.fr\/index.php?rest_route=%2Fwp%2Fv2%2Fcategories&post=13795"},{"taxonomy":"post_tag","embeddable":true,"href":"https:\/\/archives.regards.fr\/index.php?rest_route=%2Fwp%2Fv2%2Ftags&post=13795"}],"curies":[{"name":"wp","href":"https:\/\/api.w.org\/{rel}","templated":true}]}}