{"id":13793,"date":"2022-10-18T16:42:03","date_gmt":"2022-10-18T14:42:03","guid":{"rendered":"https:\/\/wp.muchomaas.com\/article-un-jeune-sur-trois-passe-par-un-lycee-professionnel-et-personne-ne-s-y\/"},"modified":"2023-06-24T00:32:28","modified_gmt":"2023-06-23T22:32:28","slug":"article-un-jeune-sur-trois-passe-par-un-lycee-professionnel-et-personne-ne-s-y","status":"publish","type":"post","link":"https:\/\/archives.regards.fr\/?p=13793","title":{"rendered":"\u00ab Un jeune sur trois passe par un lyc\u00e9e professionnel et personne ne s&#8217;y int\u00e9resse \u00bb"},"content":{"rendered":"<p class=\"post_excerpt\">Mardi 18 octobre : grande gr\u00e8ve interprofessionnelle mais aussi grande gr\u00e8ve des enseignants des lyc\u00e9es professionnels qui manifestent leur opposition au projet de contre-r\u00e9forme du gouvernement. Germain Filoche, professeur en lyc\u00e9e pro, est l&#8217;invit\u00e9 de #LaMidinale.<\/p>\n<p><iframe loading=\"lazy\" width=\"490\" height=\"276\" src=\"https:\/\/www.youtube.com\/embed\/-AgChC0mceg\" title=\"YouTube video player\" frameborder=\"0\" allow=\"accelerometer; autoplay; clipboard-write; encrypted-media; gyroscope; picture-in-picture\" allowfullscreen><\/iframe><div id='gallery-1' class='gallery galleryid-13793 gallery-columns-3 gallery-size-thumbnail'><figure class='gallery-item'>\n\t\t\t<div class='gallery-icon landscape'>\n\t\t\t\t<a href='https:\/\/archives.regards.fr\/wp-content\/uploads\/2022\/10\/article_midinale-144-089.png'><img loading=\"lazy\" decoding=\"async\" width=\"150\" height=\"150\" src=\"https:\/\/archives.regards.fr\/wp-content\/uploads\/2022\/10\/article_midinale-144-089-150x150.png\" class=\"attachment-thumbnail size-thumbnail\" alt=\"article_midinale-144.png\" \/><\/a>\n\t\t\t<\/div><\/figure>\n\t\t<\/div>\n<\/p>\n","protected":false},"excerpt":{"rendered":"<p>Mardi 18 octobre : grande gr\u00e8ve interprofessionnelle mais aussi grande gr\u00e8ve des enseignants des lyc\u00e9es professionnels qui manifestent leur opposition au projet de contre-r\u00e9forme du gouvernement. Germain Filoche, professeur en lyc\u00e9e pro, est l&#8217;invit\u00e9 de #LaMidinale.<\/p>\n","protected":false},"author":1204,"featured_media":32582,"comment_status":"open","ping_status":"open","sticky":false,"template":"","format":"standard","meta":{"_themeisle_gutenberg_block_has_review":false,"footnotes":""},"categories":[238],"tags":[293],"class_list":["post-13793","post","type-post","status-publish","format-standard","has-post-thumbnail","hentry","category-la-midinale","tag-entretien"],"_links":{"self":[{"href":"https:\/\/archives.regards.fr\/index.php?rest_route=\/wp\/v2\/posts\/13793","targetHints":{"allow":["GET"]}}],"collection":[{"href":"https:\/\/archives.regards.fr\/index.php?rest_route=\/wp\/v2\/posts"}],"about":[{"href":"https:\/\/archives.regards.fr\/index.php?rest_route=\/wp\/v2\/types\/post"}],"author":[{"embeddable":true,"href":"https:\/\/archives.regards.fr\/index.php?rest_route=\/wp\/v2\/users\/1204"}],"replies":[{"embeddable":true,"href":"https:\/\/archives.regards.fr\/index.php?rest_route=%2Fwp%2Fv2%2Fcomments&post=13793"}],"version-history":[{"count":0,"href":"https:\/\/archives.regards.fr\/index.php?rest_route=\/wp\/v2\/posts\/13793\/revisions"}],"wp:featuredmedia":[{"embeddable":true,"href":"https:\/\/archives.regards.fr\/index.php?rest_route=\/wp\/v2\/media\/32582"}],"wp:attachment":[{"href":"https:\/\/archives.regards.fr\/index.php?rest_route=%2Fwp%2Fv2%2Fmedia&parent=13793"}],"wp:term":[{"taxonomy":"category","embeddable":true,"href":"https:\/\/archives.regards.fr\/index.php?rest_route=%2Fwp%2Fv2%2Fcategories&post=13793"},{"taxonomy":"post_tag","embeddable":true,"href":"https:\/\/archives.regards.fr\/index.php?rest_route=%2Fwp%2Fv2%2Ftags&post=13793"}],"curies":[{"name":"wp","href":"https:\/\/api.w.org\/{rel}","templated":true}]}}