{"id":13791,"date":"2022-10-17T13:08:51","date_gmt":"2022-10-17T11:08:51","guid":{"rendered":"https:\/\/wp.muchomaas.com\/article-demain-nous-marcherons-pour-nos-salaires-pour-nos-retraites-et-pour-le-droit-de\/"},"modified":"2023-06-24T00:32:26","modified_gmt":"2023-06-23T22:32:26","slug":"article-demain-nous-marcherons-pour-nos-salaires-pour-nos-retraites-et-pour-le-droit-de","status":"publish","type":"post","link":"https:\/\/archives.regards.fr\/?p=13791","title":{"rendered":"\u00ab Demain, nous marcherons pour nos salaires, pour nos retraites et pour le droit de gr\u00e8ve \u00bb"},"content":{"rendered":"<p class=\"post_excerpt\">\u00c0 la veille d&#8217;une grande gr\u00e8ve interprofessionnelle, Vincent Gautheron, membre de la commission ex\u00e9cutive de la CGT, est l&#8217;invit\u00e9 de #LaMidinale.<\/p>\n<p><iframe loading=\"lazy\" width=\"490\" height=\"276\" src=\"https:\/\/www.youtube.com\/embed\/kBez9Mk3hLw\" title=\"YouTube video player\" frameborder=\"0\" allow=\"accelerometer; autoplay; clipboard-write; encrypted-media; gyroscope; picture-in-picture\" allowfullscreen><\/iframe><\/p>\n<p>&nbsp;<\/p>\n<p>&nbsp;<\/p>\n<p><img loading=\"lazy\" decoding=\"async\" class=\" alignleft size-full wp-image-32576\" src=\"https:\/\/wp.muchomaas.com\/wp-content\/uploads\/2022\/10\/ap_regard_gennevilliers_mai_3parutions_490x350_ok-4-4-0fd.png\" alt=\"ap_regard_gennevilliers_mai_3parutions_490x350_ok-4-4.png\" align=\"left\" width=\"1021\" height=\"729\" srcset=\"https:\/\/archives.regards.fr\/wp-content\/uploads\/2022\/10\/ap_regard_gennevilliers_mai_3parutions_490x350_ok-4-4-0fd.png 1021w, https:\/\/archives.regards.fr\/wp-content\/uploads\/2022\/10\/ap_regard_gennevilliers_mai_3parutions_490x350_ok-4-4-0fd-300x214.png 300w, https:\/\/archives.regards.fr\/wp-content\/uploads\/2022\/10\/ap_regard_gennevilliers_mai_3parutions_490x350_ok-4-4-0fd-768x548.png 768w\" sizes=\"auto, (max-width: 1021px) 100vw, 1021px\" \/><div id='gallery-1' class='gallery galleryid-13791 gallery-columns-3 gallery-size-thumbnail'><figure class='gallery-item'>\n\t\t\t<div class='gallery-icon landscape'>\n\t\t\t\t<a href='https:\/\/archives.regards.fr\/wp-content\/uploads\/2022\/10\/article_midinale-143-bab.png'><img loading=\"lazy\" decoding=\"async\" width=\"150\" height=\"150\" src=\"https:\/\/archives.regards.fr\/wp-content\/uploads\/2022\/10\/article_midinale-143-bab-150x150.png\" class=\"attachment-thumbnail size-thumbnail\" alt=\"article_midinale-143.png\" \/><\/a>\n\t\t\t<\/div><\/figure><figure class='gallery-item'>\n\t\t\t<div class='gallery-icon landscape'>\n\t\t\t\t<a href='https:\/\/archives.regards.fr\/wp-content\/uploads\/2022\/10\/ap_regard_gennevilliers_mai_3parutions_490x350_ok-4-4-00f.png'><img loading=\"lazy\" decoding=\"async\" width=\"150\" height=\"150\" src=\"https:\/\/archives.regards.fr\/wp-content\/uploads\/2022\/10\/ap_regard_gennevilliers_mai_3parutions_490x350_ok-4-4-00f-150x150.png\" class=\"attachment-thumbnail size-thumbnail\" alt=\"ap_regard_gennevilliers_mai_3parutions_490x350_ok-4-4.png\" \/><\/a>\n\t\t\t<\/div><\/figure>\n\t\t<\/div>\n<\/p>\n","protected":false},"excerpt":{"rendered":"<p>\u00c0 la veille d&#8217;une grande gr\u00e8ve interprofessionnelle, Vincent Gautheron, membre de la commission ex\u00e9cutive de la CGT, est l&#8217;invit\u00e9 de #LaMidinale.<\/p>\n","protected":false},"author":1204,"featured_media":32576,"comment_status":"open","ping_status":"open","sticky":false,"template":"","format":"standard","meta":{"_themeisle_gutenberg_block_has_review":false,"footnotes":""},"categories":[238],"tags":[293],"class_list":["post-13791","post","type-post","status-publish","format-standard","has-post-thumbnail","hentry","category-la-midinale","tag-entretien"],"_links":{"self":[{"href":"https:\/\/archives.regards.fr\/index.php?rest_route=\/wp\/v2\/posts\/13791","targetHints":{"allow":["GET"]}}],"collection":[{"href":"https:\/\/archives.regards.fr\/index.php?rest_route=\/wp\/v2\/posts"}],"about":[{"href":"https:\/\/archives.regards.fr\/index.php?rest_route=\/wp\/v2\/types\/post"}],"author":[{"embeddable":true,"href":"https:\/\/archives.regards.fr\/index.php?rest_route=\/wp\/v2\/users\/1204"}],"replies":[{"embeddable":true,"href":"https:\/\/archives.regards.fr\/index.php?rest_route=%2Fwp%2Fv2%2Fcomments&post=13791"}],"version-history":[{"count":0,"href":"https:\/\/archives.regards.fr\/index.php?rest_route=\/wp\/v2\/posts\/13791\/revisions"}],"wp:featuredmedia":[{"embeddable":true,"href":"https:\/\/archives.regards.fr\/index.php?rest_route=\/wp\/v2\/media\/32576"}],"wp:attachment":[{"href":"https:\/\/archives.regards.fr\/index.php?rest_route=%2Fwp%2Fv2%2Fmedia&parent=13791"}],"wp:term":[{"taxonomy":"category","embeddable":true,"href":"https:\/\/archives.regards.fr\/index.php?rest_route=%2Fwp%2Fv2%2Fcategories&post=13791"},{"taxonomy":"post_tag","embeddable":true,"href":"https:\/\/archives.regards.fr\/index.php?rest_route=%2Fwp%2Fv2%2Ftags&post=13791"}],"curies":[{"name":"wp","href":"https:\/\/api.w.org\/{rel}","templated":true}]}}