{"id":13787,"date":"2022-10-15T15:17:00","date_gmt":"2022-10-15T13:17:00","guid":{"rendered":"https:\/\/wp.muchomaas.com\/article-greve-des-raffineries-le-secteur-a-ete-sacrifie-par-l-etat-et-les-compagnies\/"},"modified":"2023-06-24T00:32:22","modified_gmt":"2023-06-23T22:32:22","slug":"article-greve-des-raffineries-le-secteur-a-ete-sacrifie-par-l-etat-et-les-compagnies","status":"publish","type":"post","link":"https:\/\/archives.regards.fr\/?p=13787","title":{"rendered":"Gr\u00e8ve des raffineries : \u00ab Le secteur a \u00e9t\u00e9 sacrifi\u00e9 par l&#8217;\u00c9tat et les compagnies \u00bb"},"content":{"rendered":"<p class=\"post_excerpt\">L&#8217;\u00e9tat-strat\u00e8ge existe-t-il encore ? Quid de la planification ? Quelle marge de manoeuvre pour l&#8217;entreprise et pour l&#8217;individu ? On en parle dans #LaMidinale avec l&#8217;\u00e9conomiste Thomas Porcher, auteur de <em>Mon dictionnaire d&#8217;\u00e9conomie<\/em> (Fayard).<\/p>\n<p><iframe loading=\"lazy\" width=\"490\" height=\"276\" src=\"https:\/\/www.youtube.com\/embed\/R6LxlDA2jvU\" title=\"YouTube video player\" frameborder=\"0\" allow=\"accelerometer; autoplay; clipboard-write; encrypted-media; gyroscope; picture-in-picture\" allowfullscreen><\/iframe><\/p>\n<div id='gallery-1' class='gallery galleryid-13787 gallery-columns-3 gallery-size-thumbnail'><figure class='gallery-item'>\n\t\t\t<div class='gallery-icon landscape'>\n\t\t\t\t<a href='https:\/\/archives.regards.fr\/wp-content\/uploads\/2022\/10\/article_midinale-142-87d.png'><img loading=\"lazy\" decoding=\"async\" width=\"150\" height=\"150\" src=\"https:\/\/archives.regards.fr\/wp-content\/uploads\/2022\/10\/article_midinale-142-87d-150x150.png\" class=\"attachment-thumbnail size-thumbnail\" alt=\"article_midinale-142.png\" \/><\/a>\n\t\t\t<\/div><\/figure>\n\t\t<\/div>\n\n","protected":false},"excerpt":{"rendered":"<p>L&#8217;\u00e9tat-strat\u00e8ge existe-t-il encore ? Quid de la planification ? Quelle marge de manoeuvre pour l&#8217;entreprise et pour l&#8217;individu ? On en parle dans #LaMidinale avec l&#8217;\u00e9conomiste Thomas Porcher, auteur de <em>Mon dictionnaire d&#8217;\u00e9conomie<\/em> (Fayard).<\/p>\n","protected":false},"author":1204,"featured_media":32565,"comment_status":"open","ping_status":"open","sticky":false,"template":"","format":"standard","meta":{"_themeisle_gutenberg_block_has_review":false,"footnotes":""},"categories":[238],"tags":[],"class_list":["post-13787","post","type-post","status-publish","format-standard","has-post-thumbnail","hentry","category-la-midinale"],"_links":{"self":[{"href":"https:\/\/archives.regards.fr\/index.php?rest_route=\/wp\/v2\/posts\/13787","targetHints":{"allow":["GET"]}}],"collection":[{"href":"https:\/\/archives.regards.fr\/index.php?rest_route=\/wp\/v2\/posts"}],"about":[{"href":"https:\/\/archives.regards.fr\/index.php?rest_route=\/wp\/v2\/types\/post"}],"author":[{"embeddable":true,"href":"https:\/\/archives.regards.fr\/index.php?rest_route=\/wp\/v2\/users\/1204"}],"replies":[{"embeddable":true,"href":"https:\/\/archives.regards.fr\/index.php?rest_route=%2Fwp%2Fv2%2Fcomments&post=13787"}],"version-history":[{"count":0,"href":"https:\/\/archives.regards.fr\/index.php?rest_route=\/wp\/v2\/posts\/13787\/revisions"}],"wp:featuredmedia":[{"embeddable":true,"href":"https:\/\/archives.regards.fr\/index.php?rest_route=\/wp\/v2\/media\/32565"}],"wp:attachment":[{"href":"https:\/\/archives.regards.fr\/index.php?rest_route=%2Fwp%2Fv2%2Fmedia&parent=13787"}],"wp:term":[{"taxonomy":"category","embeddable":true,"href":"https:\/\/archives.regards.fr\/index.php?rest_route=%2Fwp%2Fv2%2Fcategories&post=13787"},{"taxonomy":"post_tag","embeddable":true,"href":"https:\/\/archives.regards.fr\/index.php?rest_route=%2Fwp%2Fv2%2Ftags&post=13787"}],"curies":[{"name":"wp","href":"https:\/\/api.w.org\/{rel}","templated":true}]}}