{"id":13786,"date":"2022-10-15T11:17:02","date_gmt":"2022-10-15T09:17:02","guid":{"rendered":"https:\/\/wp.muchomaas.com\/article-l-heure-est-a-la-construction-de-ponts-entre-le-mouvement-social-et-les-forces\/"},"modified":"2023-06-24T00:32:22","modified_gmt":"2023-06-23T22:32:22","slug":"article-l-heure-est-a-la-construction-de-ponts-entre-le-mouvement-social-et-les-forces","status":"publish","type":"post","link":"https:\/\/archives.regards.fr\/?p=13786","title":{"rendered":"\u00ab\u00a0L\u2019heure est \u00e0 la construction de ponts entre le mouvement social et les forces de gauche et \u00e9cologistes\u00a0\u00bb"},"content":{"rendered":"<p class=\"post_excerpt\">L&#8217;inspecteur du travail Anthony Smith marchera contre la vie ch\u00e8re et l&#8217;inaction climatique dans les rues de Paris ce dimanche 16 octobre. Le verdict de son jugement doit \u00eatre rendu le 20 octobre prochain. Alors que se multiplient les journ\u00e9es de gr\u00e8ve et d\u2019action, il appelle \u00e0 sceller l\u2019unit\u00e9 qui donnera de la force aux travailleurs.<\/p>\n<p><em>\u00ab\u00a0Un premier pas vers la victoire.\u00a0\u00bb<\/em> Depuis le 28 septembre et la demande d\u2019annulation de la sanction prise \u00e0 son encontre en 2020, Anthony Smith respire mieux. Il sait qu\u2019il vient de remporter une partie d\u00e9terminante dans le bras de fer qui l\u2019oppose \u00e0 l\u2019\u00c9tat depuis qu\u2019en pleine premi\u00e8re vague de covid, il a d\u00e9nonc\u00e9 l\u2019absence de masques pour l\u2019usage d\u2019aides \u00e0 domiciles d\u2019une association r\u00e9moise et saisit la justice face \u00e0 l\u2019employeur.<\/p>\n<p>&nbsp;<\/p>\n<p>\n<strong>VOIR AUSSI SUR REGARDS.FR<br \/>\n>><\/strong> <em><a href=\"https:\/\/wp.muchomaas.com\/la-midinale\/article\/le-gouvernement-ferait-bien-de-requisitionner-les-superprofits-de-totalenergies\">\u00ab Le gouvernement ferait bien de r\u00e9quisitionner les superprofits de TotalEnergies et ExxonMobil plut\u00f4t que de s\u2019attaquer au droit de gr\u00e8ve \u00bb<\/a><\/em><\/p>\n<p>&nbsp;<\/p>\n<p>Suspension mi-avril\u00a02020, mutation d\u2019office \u00e0 la rentr\u00e9e qui suit, pour la hi\u00e9rarchie et la ministre du Travail de l\u2019\u00e9poque, il faut faire un exemple. <em>\u00ab\u00a0L\u2019entreprise reste un lieu o\u00f9 le pouvoir est concentr\u00e9 entre les mains de l\u2019employeur\u00a0\u00bb<\/em> explique le CGTiste marnais, conscient de s\u2019\u00eatre heurt\u00e9 \u00e0 un pouvoir obs\u00e9d\u00e9 par la comp\u00e9tition \u00e9conomique. Mieux que personne, il \u00e9value l\u2019acharnement que les gouvernements successifs ont mis \u00e0 museler la parole syndicale, r\u00e9duire la citoyennet\u00e9 et la repr\u00e9sentation salari\u00e9e dans l\u2019entreprise. D\u2019ailleurs il n\u2019omet pas de pr\u00e9ciser que si son cas est embl\u00e9matique, beaucoup d\u2019autres existent \u00e9voquant six de ses coll\u00e8gues \u00e9galement sanctionn\u00e9s pour fait syndical.<\/p>\n<p>Mais apr\u00e8s deux ans de lutte sans pause, une p\u00e9tition de soutien sign\u00e9e par plus 165.000 personnes et une solidarit\u00e9 sans faille de la gauche syndicale et politique, la pression commence \u00e0 changer de camp. En ce d\u00e9but octobre 2022, Muriel P\u00e9nicaud a disparu du d\u00e9cor et, pour la Premi\u00e8re ministre \u00c9lisabeth Borne, il faut en finir le dossier <em>Anthony Smith<\/em> qui ne peut que la fragiliser sur le plan politique.<\/p>\n<p>Le Marnais, quant \u00e0 lui, mesure le chemin parcouru. Il a compris que la l\u00e9gitimation publique de son travail et de son action va renforcer la force du mouvement social tout entier. <\/p>\n<h2>Reprendre la main sur la question du pouvoir<\/h2>\n<p>Car son combat trouve un \u00e9cho particulier en cet automne 2022 o\u00f9 les luttes se multiplient et cherchent \u00e0 s\u2019\u00e9largir.<em> \u00ab\u00a0Nous vivons un moment unique, o\u00f9 chacun doit prendre ses responsabilit\u00e9s\u00a0\u00bb<\/em>, commente Anthony Smith. Il n\u2019exclut pas le pire\u00a0rappelant que <em>\u00ab\u00a0les fascistes peuvent prendre le pouvoir comme ils viennent de le faire en Italie. \u00bb<\/em> C\u2019est pourquoi il n\u2019est plus question de tergiverser. L\u2019heure est \u00e0 la construction de ponts et de passerelles entre le mouvement social et les forces politiques, dans le respect et l\u2019autonomie de chacune des organisations. <\/p>\n<p>Le militant sait que son propos est largement partag\u00e9 dans la soci\u00e9t\u00e9 mais il conna\u00eet aussi les r\u00e9sistances auquel ce rassemblement se heurte, le passif \u00e0 d\u00e9passer. Il a fait ses premi\u00e8res armes dans les assembl\u00e9es g\u00e9n\u00e9rales \u00e9tudiantes de novembre et d\u00e9cembre 1995, a ensuite v\u00e9cu la victoire de la gauche plurielle en 1997 et le choc du 21 avril 2002\u00a0; la victoire sur le TCE et l\u2019impasse des collectifs anti-lib\u00e9raux, l\u2019espoir du Front de Gauche puis l\u2019\u00e9chec \u00e0 nouveau. Il a compris qu\u2019il n\u2019y a pas de droit \u00e0 l\u2019erreur cette fois.<\/p>\n<p>Quand le quadrag\u00e9naire \u00e9voque le d\u00e9bat de la gauche et des \u00e9cologistes, il ne s\u2019appesantit pas sur les fausses querelles et les vraies diff\u00e9rences, la mainmise des appareils et la bataille pour le leadership. D\u2019autres en font leur fonds de commerce, lui va droit au but pr\u00e9f\u00e9rant parier sur le potentiel\u00a0du moment politique. Pas NUPES na\u00eff, il n\u2019en est pas moins membre de son parlement populaire, convaincu que cette voie m\u00e9rite d\u2019\u00eatre labour\u00e9e et travaill\u00e9e.<\/p>\n<h2>Renouer avec la confiance<\/h2>\n<p>L\u2019inspecteur du travail refuse de banaliser les 20% du candidat M\u00e9lenchon \u00e0 la pr\u00e9sidentielle et l\u2019\u00e9lection des 150 parlementaires NUPES en juin dernier. <em>\u00ab\u00a0Ces deux \u00e9lections ont permis de r\u00e9gler la question du\u00a0hollandisme\u00a0\u00bb,<\/em> explique-t-il, signifiant par-l\u00e0\u00a0que le socle programmatique commun de la gauche et des \u00e9cologistes marque une rupture nette avec le n\u00e9o lib\u00e9ralisme. <\/p>\n<p>C\u2019est une premi\u00e8re,\u00a0jug\u00e9e impossible par beaucoup il y a quelques mois, et qui appelle aujourd\u2019hui \u00e0 passer de la coalition \u00e0 un large rassemblement citoyen pour des changements concrets. <em>\u00ab\u00a0Pour deux g\u00e9n\u00e9rations la question du pouvoir avait \u00e9t\u00e9 ajourn\u00e9e. L\u2019\u00e9mergence de la NUPES ou quel que soit le nom qu\u2019on lui donnera, permet de remettre au-devant de la sc\u00e8ne la question du pouvoir \u00bb<\/em>, argumente Anthony Smith.<\/p>\n<p>Il \u00e9voque le besoin de renouer avec la confiance\u00a0: <em>\u00ab\u00a0Je ne vois pas d\u2019autre mani\u00e8re pour y parvenir que d\u2019ouvrir des espaces communs pour se parler et faire le pari de l\u2019intelligence collective\u00a0; de redonner de la force \u00e0 la question sociale et sceller l\u2019unit\u00e9 qui donnera de la force aux travailleurs.\u00a0\u00bb <\/em> <\/p>\n<p>Ce dimanche, il sera au rendez-vous\u2026<div id='gallery-1' class='gallery galleryid-13786 gallery-columns-3 gallery-size-thumbnail'><figure class='gallery-item'>\n\t\t\t<div class='gallery-icon landscape'>\n\t\t\t\t<a href='https:\/\/archives.regards.fr\/wp-content\/uploads\/2022\/10\/capture-d_ecran-2022-10-15-a-11-b21.17.40.png'><img loading=\"lazy\" decoding=\"async\" width=\"150\" height=\"150\" src=\"https:\/\/archives.regards.fr\/wp-content\/uploads\/2022\/10\/capture-d_ecran-2022-10-15-a-11-b21.17.40-150x150.png\" class=\"attachment-thumbnail size-thumbnail\" alt=\"capture-d_ecran-2022-10-15-a-11.17.40.png\" \/><\/a>\n\t\t\t<\/div><\/figure>\n\t\t<\/div>\n<\/p>\n","protected":false},"excerpt":{"rendered":"<p>L&#8217;inspecteur du travail Anthony Smith marchera contre la vie ch\u00e8re et l&#8217;inaction climatique dans les rues de Paris ce dimanche 16 octobre. Le verdict de son jugement doit \u00eatre rendu le 20 octobre prochain. Alors que se multiplient les journ\u00e9es de gr\u00e8ve et d\u2019action, il appelle \u00e0 sceller l\u2019unit\u00e9 qui donnera de la force aux travailleurs.<\/p>\n","protected":false},"author":1,"featured_media":32563,"comment_status":"open","ping_status":"open","sticky":false,"template":"","format":"standard","meta":{"_themeisle_gutenberg_block_has_review":false,"footnotes":""},"categories":[6],"tags":[],"class_list":["post-13786","post","type-post","status-publish","format-standard","has-post-thumbnail","hentry","category-actu"],"_links":{"self":[{"href":"https:\/\/archives.regards.fr\/index.php?rest_route=\/wp\/v2\/posts\/13786","targetHints":{"allow":["GET"]}}],"collection":[{"href":"https:\/\/archives.regards.fr\/index.php?rest_route=\/wp\/v2\/posts"}],"about":[{"href":"https:\/\/archives.regards.fr\/index.php?rest_route=\/wp\/v2\/types\/post"}],"author":[{"embeddable":true,"href":"https:\/\/archives.regards.fr\/index.php?rest_route=\/wp\/v2\/users\/1"}],"replies":[{"embeddable":true,"href":"https:\/\/archives.regards.fr\/index.php?rest_route=%2Fwp%2Fv2%2Fcomments&post=13786"}],"version-history":[{"count":0,"href":"https:\/\/archives.regards.fr\/index.php?rest_route=\/wp\/v2\/posts\/13786\/revisions"}],"wp:featuredmedia":[{"embeddable":true,"href":"https:\/\/archives.regards.fr\/index.php?rest_route=\/wp\/v2\/media\/32563"}],"wp:attachment":[{"href":"https:\/\/archives.regards.fr\/index.php?rest_route=%2Fwp%2Fv2%2Fmedia&parent=13786"}],"wp:term":[{"taxonomy":"category","embeddable":true,"href":"https:\/\/archives.regards.fr\/index.php?rest_route=%2Fwp%2Fv2%2Fcategories&post=13786"},{"taxonomy":"post_tag","embeddable":true,"href":"https:\/\/archives.regards.fr\/index.php?rest_route=%2Fwp%2Fv2%2Ftags&post=13786"}],"curies":[{"name":"wp","href":"https:\/\/api.w.org\/{rel}","templated":true}]}}