{"id":13784,"date":"2022-10-12T15:57:04","date_gmt":"2022-10-12T13:57:04","guid":{"rendered":"https:\/\/wp.muchomaas.com\/article-le-gouvernement-ferait-bien-de-requisitionner-les-superprofits-de-totalenergies\/"},"modified":"2023-06-24T00:32:22","modified_gmt":"2023-06-23T22:32:22","slug":"article-le-gouvernement-ferait-bien-de-requisitionner-les-superprofits-de-totalenergies","status":"publish","type":"post","link":"https:\/\/archives.regards.fr\/?p=13784","title":{"rendered":"\u00ab Le gouvernement ferait bien de r\u00e9quisitionner les superprofits de TotalEnergies et ExxonMobil plut\u00f4t que de s&#8217;attaquer au droit de gr\u00e8ve \u00bb"},"content":{"rendered":"<p class=\"post_excerpt\">Gr\u00e8ve chez les p\u00e9troliers pour de plus justes r\u00e9mun\u00e9rations, marche contre le vie ch\u00e8re et l&#8217;inaction climatique : la d\u00e9put\u00e9e LFI-NUPES de Seine-Saint-Denis Aur\u00e9lie Trouv\u00e9 est l&#8217;invit\u00e9e de #LaMidinale.<\/p>\n<p><iframe loading=\"lazy\" width=\"490\" height=\"276\" src=\"https:\/\/www.youtube.com\/embed\/UDc9sTf6fUE\" title=\"YouTube video player\" frameborder=\"0\" allow=\"accelerometer; autoplay; clipboard-write; encrypted-media; gyroscope; picture-in-picture\" allowfullscreen><\/iframe><div id='gallery-1' class='gallery galleryid-13784 gallery-columns-3 gallery-size-thumbnail'><figure class='gallery-item'>\n\t\t\t<div class='gallery-icon landscape'>\n\t\t\t\t<a href='https:\/\/archives.regards.fr\/wp-content\/uploads\/2022\/10\/article_midinale-141-c07.png'><img loading=\"lazy\" decoding=\"async\" width=\"150\" height=\"150\" src=\"https:\/\/archives.regards.fr\/wp-content\/uploads\/2022\/10\/article_midinale-141-c07-150x150.png\" class=\"attachment-thumbnail size-thumbnail\" alt=\"article_midinale-141.png\" \/><\/a>\n\t\t\t<\/div><\/figure>\n\t\t<\/div>\n<\/p>\n","protected":false},"excerpt":{"rendered":"<p>Gr\u00e8ve chez les p\u00e9troliers pour de plus justes r\u00e9mun\u00e9rations, marche contre le vie ch\u00e8re et l&#8217;inaction climatique : la d\u00e9put\u00e9e LFI-NUPES de Seine-Saint-Denis Aur\u00e9lie Trouv\u00e9 est l&#8217;invit\u00e9e de #LaMidinale.<\/p>\n","protected":false},"author":1204,"featured_media":32559,"comment_status":"open","ping_status":"open","sticky":false,"template":"","format":"standard","meta":{"_themeisle_gutenberg_block_has_review":false,"footnotes":""},"categories":[238],"tags":[293],"class_list":["post-13784","post","type-post","status-publish","format-standard","has-post-thumbnail","hentry","category-la-midinale","tag-entretien"],"_links":{"self":[{"href":"https:\/\/archives.regards.fr\/index.php?rest_route=\/wp\/v2\/posts\/13784","targetHints":{"allow":["GET"]}}],"collection":[{"href":"https:\/\/archives.regards.fr\/index.php?rest_route=\/wp\/v2\/posts"}],"about":[{"href":"https:\/\/archives.regards.fr\/index.php?rest_route=\/wp\/v2\/types\/post"}],"author":[{"embeddable":true,"href":"https:\/\/archives.regards.fr\/index.php?rest_route=\/wp\/v2\/users\/1204"}],"replies":[{"embeddable":true,"href":"https:\/\/archives.regards.fr\/index.php?rest_route=%2Fwp%2Fv2%2Fcomments&post=13784"}],"version-history":[{"count":0,"href":"https:\/\/archives.regards.fr\/index.php?rest_route=\/wp\/v2\/posts\/13784\/revisions"}],"wp:featuredmedia":[{"embeddable":true,"href":"https:\/\/archives.regards.fr\/index.php?rest_route=\/wp\/v2\/media\/32559"}],"wp:attachment":[{"href":"https:\/\/archives.regards.fr\/index.php?rest_route=%2Fwp%2Fv2%2Fmedia&parent=13784"}],"wp:term":[{"taxonomy":"category","embeddable":true,"href":"https:\/\/archives.regards.fr\/index.php?rest_route=%2Fwp%2Fv2%2Fcategories&post=13784"},{"taxonomy":"post_tag","embeddable":true,"href":"https:\/\/archives.regards.fr\/index.php?rest_route=%2Fwp%2Fv2%2Ftags&post=13784"}],"curies":[{"name":"wp","href":"https:\/\/api.w.org\/{rel}","templated":true}]}}