{"id":13781,"date":"2022-10-11T16:56:54","date_gmt":"2022-10-11T14:56:54","guid":{"rendered":"https:\/\/wp.muchomaas.com\/article-une-defaite-aux-directions-de-total-et-d-exxon-donnera-de-la-force-a-tout-le\/"},"modified":"2023-06-24T00:32:20","modified_gmt":"2023-06-23T22:32:20","slug":"article-une-defaite-aux-directions-de-total-et-d-exxon-donnera-de-la-force-a-tout-le","status":"publish","type":"post","link":"https:\/\/archives.regards.fr\/?p=13781","title":{"rendered":"\u00ab Une d\u00e9faite aux directions de Total et d&#8217;Exxon donnera de la force \u00e0 tout le monde du travail \u00bb"},"content":{"rendered":"<p class=\"post_excerpt\">Gr\u00e8ve continue ou intermittente depuis plus de 10 jours dans les raffineries, les d\u00e9p\u00f4ts et les stations-services TotalEnergies et Exxonmobile pour r\u00e9clamer des hausses de salaires, des investissements et des embauches. Adrien Cornet, militant CGT, salari\u00e9 au d\u00e9p\u00f4t de Grandpuits, est l&#8217;invit\u00e9 de #LaMidinale.<\/p>\n<p><iframe loading=\"lazy\" width=\"490\" height=\"276\" src=\"https:\/\/www.youtube.com\/embed\/V6MvrZ_4d9w\" title=\"YouTube video player\" frameborder=\"0\" allow=\"accelerometer; autoplay; clipboard-write; encrypted-media; gyroscope; picture-in-picture\" allowfullscreen><\/iframe><div id='gallery-1' class='gallery galleryid-13781 gallery-columns-3 gallery-size-thumbnail'><figure class='gallery-item'>\n\t\t\t<div class='gallery-icon landscape'>\n\t\t\t\t<a href='https:\/\/archives.regards.fr\/wp-content\/uploads\/2022\/10\/article_midinale-140-fd1.png'><img loading=\"lazy\" decoding=\"async\" width=\"150\" height=\"150\" src=\"https:\/\/archives.regards.fr\/wp-content\/uploads\/2022\/10\/article_midinale-140-fd1-150x150.png\" class=\"attachment-thumbnail size-thumbnail\" alt=\"article_midinale-140.png\" \/><\/a>\n\t\t\t<\/div><\/figure>\n\t\t<\/div>\n<\/p>\n","protected":false},"excerpt":{"rendered":"<p>Gr\u00e8ve continue ou intermittente depuis plus de 10 jours dans les raffineries, les d\u00e9p\u00f4ts et les stations-services TotalEnergies et Exxonmobile pour r\u00e9clamer des hausses de salaires, des investissements et des embauches. Adrien Cornet, militant CGT, salari\u00e9 au d\u00e9p\u00f4t de Grandpuits, est l&#8217;invit\u00e9 de #LaMidinale.<\/p>\n","protected":false},"author":1204,"featured_media":32553,"comment_status":"open","ping_status":"open","sticky":false,"template":"","format":"standard","meta":{"_themeisle_gutenberg_block_has_review":false,"footnotes":""},"categories":[238],"tags":[293],"class_list":["post-13781","post","type-post","status-publish","format-standard","has-post-thumbnail","hentry","category-la-midinale","tag-entretien"],"_links":{"self":[{"href":"https:\/\/archives.regards.fr\/index.php?rest_route=\/wp\/v2\/posts\/13781","targetHints":{"allow":["GET"]}}],"collection":[{"href":"https:\/\/archives.regards.fr\/index.php?rest_route=\/wp\/v2\/posts"}],"about":[{"href":"https:\/\/archives.regards.fr\/index.php?rest_route=\/wp\/v2\/types\/post"}],"author":[{"embeddable":true,"href":"https:\/\/archives.regards.fr\/index.php?rest_route=\/wp\/v2\/users\/1204"}],"replies":[{"embeddable":true,"href":"https:\/\/archives.regards.fr\/index.php?rest_route=%2Fwp%2Fv2%2Fcomments&post=13781"}],"version-history":[{"count":0,"href":"https:\/\/archives.regards.fr\/index.php?rest_route=\/wp\/v2\/posts\/13781\/revisions"}],"wp:featuredmedia":[{"embeddable":true,"href":"https:\/\/archives.regards.fr\/index.php?rest_route=\/wp\/v2\/media\/32553"}],"wp:attachment":[{"href":"https:\/\/archives.regards.fr\/index.php?rest_route=%2Fwp%2Fv2%2Fmedia&parent=13781"}],"wp:term":[{"taxonomy":"category","embeddable":true,"href":"https:\/\/archives.regards.fr\/index.php?rest_route=%2Fwp%2Fv2%2Fcategories&post=13781"},{"taxonomy":"post_tag","embeddable":true,"href":"https:\/\/archives.regards.fr\/index.php?rest_route=%2Fwp%2Fv2%2Ftags&post=13781"}],"curies":[{"name":"wp","href":"https:\/\/api.w.org\/{rel}","templated":true}]}}