{"id":13778,"date":"2022-10-10T17:54:43","date_gmt":"2022-10-10T15:54:43","guid":{"rendered":"https:\/\/wp.muchomaas.com\/article-david-cormand-eelv-l-ecologie-parait-consensuelle-alors-qu-en-realite-elle-a\/"},"modified":"2023-06-24T00:32:19","modified_gmt":"2023-06-23T22:32:19","slug":"article-david-cormand-eelv-l-ecologie-parait-consensuelle-alors-qu-en-realite-elle-a","status":"publish","type":"post","link":"https:\/\/archives.regards.fr\/?p=13778","title":{"rendered":"David Cormand (EELV) : \u00ab L&#8217;\u00e9cologie para\u00eet consensuelle alors qu&#8217;en r\u00e9alit\u00e9, elle a ses ennemis \u00bb"},"content":{"rendered":"<p class=\"post_excerpt\">De quoi l&#8217;\u00e9cologie politique est-elle le nom ? En ces temps de recomposition politique, la place d&#8217;EELV est souvent interrog\u00e9e : David Cormand, d\u00e9put\u00e9 europ\u00e9en et auteur de <em>Ce que nous sommes<\/em> aux \u00e9ditions Les Petits Matins, est l&#8217;invit\u00e9 de #LaMidinale.<\/p>\n<p><iframe loading=\"lazy\" width=\"490\" height=\"276\" src=\"https:\/\/www.youtube.com\/embed\/Qzu03OIeCSQ\" title=\"YouTube video player\" frameborder=\"0\" allow=\"accelerometer; autoplay; clipboard-write; encrypted-media; gyroscope; picture-in-picture\" allowfullscreen><\/iframe><\/p>\n<div id='gallery-1' class='gallery galleryid-13778 gallery-columns-3 gallery-size-thumbnail'><figure class='gallery-item'>\n\t\t\t<div class='gallery-icon landscape'>\n\t\t\t\t<a href='https:\/\/archives.regards.fr\/wp-content\/uploads\/2022\/10\/article_midinale-139-ed0.png'><img loading=\"lazy\" decoding=\"async\" width=\"150\" height=\"150\" src=\"https:\/\/archives.regards.fr\/wp-content\/uploads\/2022\/10\/article_midinale-139-ed0-150x150.png\" class=\"attachment-thumbnail size-thumbnail\" alt=\"article_midinale-139.png\" \/><\/a>\n\t\t\t<\/div><\/figure>\n\t\t<\/div>\n\n","protected":false},"excerpt":{"rendered":"<p>De quoi l&#8217;\u00e9cologie politique est-elle le nom ? En ces temps de recomposition politique, la place d&#8217;EELV est souvent interrog\u00e9e : David Cormand, d\u00e9put\u00e9 europ\u00e9en et auteur de <em>Ce que nous sommes<\/em> aux \u00e9ditions Les Petits Matins, est l&#8217;invit\u00e9 de #LaMidinale.<\/p>\n","protected":false},"author":1204,"featured_media":32547,"comment_status":"open","ping_status":"open","sticky":false,"template":"","format":"standard","meta":{"_themeisle_gutenberg_block_has_review":false,"footnotes":""},"categories":[238],"tags":[],"class_list":["post-13778","post","type-post","status-publish","format-standard","has-post-thumbnail","hentry","category-la-midinale"],"_links":{"self":[{"href":"https:\/\/archives.regards.fr\/index.php?rest_route=\/wp\/v2\/posts\/13778","targetHints":{"allow":["GET"]}}],"collection":[{"href":"https:\/\/archives.regards.fr\/index.php?rest_route=\/wp\/v2\/posts"}],"about":[{"href":"https:\/\/archives.regards.fr\/index.php?rest_route=\/wp\/v2\/types\/post"}],"author":[{"embeddable":true,"href":"https:\/\/archives.regards.fr\/index.php?rest_route=\/wp\/v2\/users\/1204"}],"replies":[{"embeddable":true,"href":"https:\/\/archives.regards.fr\/index.php?rest_route=%2Fwp%2Fv2%2Fcomments&post=13778"}],"version-history":[{"count":0,"href":"https:\/\/archives.regards.fr\/index.php?rest_route=\/wp\/v2\/posts\/13778\/revisions"}],"wp:featuredmedia":[{"embeddable":true,"href":"https:\/\/archives.regards.fr\/index.php?rest_route=\/wp\/v2\/media\/32547"}],"wp:attachment":[{"href":"https:\/\/archives.regards.fr\/index.php?rest_route=%2Fwp%2Fv2%2Fmedia&parent=13778"}],"wp:term":[{"taxonomy":"category","embeddable":true,"href":"https:\/\/archives.regards.fr\/index.php?rest_route=%2Fwp%2Fv2%2Fcategories&post=13778"},{"taxonomy":"post_tag","embeddable":true,"href":"https:\/\/archives.regards.fr\/index.php?rest_route=%2Fwp%2Fv2%2Ftags&post=13778"}],"curies":[{"name":"wp","href":"https:\/\/api.w.org\/{rel}","templated":true}]}}