{"id":13775,"date":"2022-10-08T20:46:34","date_gmt":"2022-10-08T18:46:34","guid":{"rendered":"https:\/\/wp.muchomaas.com\/article-appel-a-des-etats-generaux-du-cinema-2022\/"},"modified":"2023-06-24T00:32:17","modified_gmt":"2023-06-23T22:32:17","slug":"article-appel-a-des-etats-generaux-du-cinema-2022","status":"publish","type":"post","link":"https:\/\/archives.regards.fr\/?p=13775","title":{"rendered":"Appel \u00e0 des \u00c9tats g\u00e9n\u00e9raux du cin\u00e9ma 2022"},"content":{"rendered":"<p class=\"post_excerpt\">Jeudi 6 octobre, se sont r\u00e9unis \u00e0 l&#8217;Institut du Monde Arabe des professionnels du cin\u00e9ma pour appeler les pouvoirs publics \u00e0 la tenue d&#8217;\u00c9tats g\u00e9n\u00e9raux du secteur.<\/p>\n<p><iframe loading=\"lazy\" width=\"490\" height=\"276\" src=\"https:\/\/www.youtube.com\/embed\/563FQZN39lA\" title=\"YouTube video player\" frameborder=\"0\" allow=\"accelerometer; autoplay; clipboard-write; encrypted-media; gyroscope; picture-in-picture\" allowfullscreen><\/iframe><\/p>\n<p>&nbsp;<\/p>\n<p><p>&nbsp;<\/p>\n<p><img loading=\"lazy\" decoding=\"async\" class=\" alignleft size-full wp-image-32522\" src=\"https:\/\/wp.muchomaas.com\/wp-content\/uploads\/2022\/10\/ap_regard_gennevilliers_mai_3parutions_490x350_ok-3-7-8dd.png\" alt=\"ap_regard_gennevilliers_mai_3parutions_490x350_ok-3-7.png\" align=\"left\" width=\"1021\" height=\"729\" srcset=\"https:\/\/archives.regards.fr\/wp-content\/uploads\/2022\/10\/ap_regard_gennevilliers_mai_3parutions_490x350_ok-3-7-8dd.png 1021w, https:\/\/archives.regards.fr\/wp-content\/uploads\/2022\/10\/ap_regard_gennevilliers_mai_3parutions_490x350_ok-3-7-8dd-300x214.png 300w, https:\/\/archives.regards.fr\/wp-content\/uploads\/2022\/10\/ap_regard_gennevilliers_mai_3parutions_490x350_ok-3-7-8dd-768x548.png 768w\" sizes=\"auto, (max-width: 1021px) 100vw, 1021px\" \/><div id='gallery-1' class='gallery galleryid-13775 gallery-columns-3 gallery-size-thumbnail'><figure class='gallery-item'>\n\t\t\t<div class='gallery-icon landscape'>\n\t\t\t\t<a href='https:\/\/archives.regards.fr\/wp-content\/uploads\/2022\/10\/ap_regard_gennevilliers_mai_3parutions_490x350_ok-3-7-82f.png'><img loading=\"lazy\" decoding=\"async\" width=\"150\" height=\"150\" src=\"https:\/\/archives.regards.fr\/wp-content\/uploads\/2022\/10\/ap_regard_gennevilliers_mai_3parutions_490x350_ok-3-7-82f-150x150.png\" class=\"attachment-thumbnail size-thumbnail\" alt=\"ap_regard_gennevilliers_mai_3parutions_490x350_ok-3-7.png\" \/><\/a>\n\t\t\t<\/div><\/figure>\n\t\t<\/div>\n<\/p>\n","protected":false},"excerpt":{"rendered":"<p>Jeudi 6 octobre, se sont r\u00e9unis \u00e0 l&#8217;Institut du Monde Arabe des professionnels du cin\u00e9ma pour appeler les pouvoirs publics \u00e0 la tenue d&#8217;\u00c9tats g\u00e9n\u00e9raux du secteur.<\/p>\n","protected":false},"author":1204,"featured_media":32522,"comment_status":"open","ping_status":"open","sticky":false,"template":"","format":"standard","meta":{"_themeisle_gutenberg_block_has_review":false,"footnotes":""},"categories":[279],"tags":[],"class_list":["post-13775","post","type-post","status-publish","format-standard","has-post-thumbnail","hentry","category-videos"],"_links":{"self":[{"href":"https:\/\/archives.regards.fr\/index.php?rest_route=\/wp\/v2\/posts\/13775","targetHints":{"allow":["GET"]}}],"collection":[{"href":"https:\/\/archives.regards.fr\/index.php?rest_route=\/wp\/v2\/posts"}],"about":[{"href":"https:\/\/archives.regards.fr\/index.php?rest_route=\/wp\/v2\/types\/post"}],"author":[{"embeddable":true,"href":"https:\/\/archives.regards.fr\/index.php?rest_route=\/wp\/v2\/users\/1204"}],"replies":[{"embeddable":true,"href":"https:\/\/archives.regards.fr\/index.php?rest_route=%2Fwp%2Fv2%2Fcomments&post=13775"}],"version-history":[{"count":0,"href":"https:\/\/archives.regards.fr\/index.php?rest_route=\/wp\/v2\/posts\/13775\/revisions"}],"wp:featuredmedia":[{"embeddable":true,"href":"https:\/\/archives.regards.fr\/index.php?rest_route=\/wp\/v2\/media\/32522"}],"wp:attachment":[{"href":"https:\/\/archives.regards.fr\/index.php?rest_route=%2Fwp%2Fv2%2Fmedia&parent=13775"}],"wp:term":[{"taxonomy":"category","embeddable":true,"href":"https:\/\/archives.regards.fr\/index.php?rest_route=%2Fwp%2Fv2%2Fcategories&post=13775"},{"taxonomy":"post_tag","embeddable":true,"href":"https:\/\/archives.regards.fr\/index.php?rest_route=%2Fwp%2Fv2%2Ftags&post=13775"}],"curies":[{"name":"wp","href":"https:\/\/api.w.org\/{rel}","templated":true}]}}