{"id":13772,"date":"2022-10-05T15:00:00","date_gmt":"2022-10-05T13:00:00","guid":{"rendered":"https:\/\/wp.muchomaas.com\/article-jack-lang-dans-certains-pays-l-art-est-la-seule-forme-d-expression\/"},"modified":"2023-06-24T00:32:12","modified_gmt":"2023-06-23T22:32:12","slug":"article-jack-lang-dans-certains-pays-l-art-est-la-seule-forme-d-expression","status":"publish","type":"post","link":"https:\/\/archives.regards.fr\/?p=13772","title":{"rendered":"Jack Lang : \u00ab Dans certains pays, l&#8217;art est la seule forme d&#8217;expression \u00bb"},"content":{"rendered":"<p class=\"post_excerpt\">Exposition \u00ab Habibi : les r\u00e9volutions de l&#8217;amour \u00bb \u00e0 l&#8217;Institut du Monde Arabe, place de l&#8217;art dans la culture et dans la soci\u00e9t\u00e9, \u00e9tats g\u00e9n\u00e9raux du cin\u00e9ma : l&#8217;ancien ministre de la Culture et pr\u00e9sident de l&#8217;IMA Jack Lang est l&#8217;invit\u00e9 de #LaMidinale.<\/p>\n<p><iframe loading=\"lazy\" width=\"490\" height=\"276\" src=\"https:\/\/www.youtube.com\/embed\/YiQ1579tHlo\" title=\"YouTube video player\" frameborder=\"0\" allow=\"accelerometer; autoplay; clipboard-write; encrypted-media; gyroscope; picture-in-picture\" allowfullscreen><\/iframe><div id='gallery-1' class='gallery galleryid-13772 gallery-columns-3 gallery-size-thumbnail'><figure class='gallery-item'>\n\t\t\t<div class='gallery-icon landscape'>\n\t\t\t\t<a href='https:\/\/archives.regards.fr\/wp-content\/uploads\/2022\/10\/article_midinale-138-d06.png'><img loading=\"lazy\" decoding=\"async\" width=\"150\" height=\"150\" src=\"https:\/\/archives.regards.fr\/wp-content\/uploads\/2022\/10\/article_midinale-138-d06-150x150.png\" class=\"attachment-thumbnail size-thumbnail\" alt=\"article_midinale-138.png\" \/><\/a>\n\t\t\t<\/div><\/figure>\n\t\t<\/div>\n<\/p>\n","protected":false},"excerpt":{"rendered":"<p>Exposition \u00ab Habibi : les r\u00e9volutions de l&#8217;amour \u00bb \u00e0 l&#8217;Institut du Monde Arabe, place de l&#8217;art dans la culture et dans la soci\u00e9t\u00e9, \u00e9tats g\u00e9n\u00e9raux du cin\u00e9ma : l&#8217;ancien ministre de la Culture et pr\u00e9sident de l&#8217;IMA Jack Lang est l&#8217;invit\u00e9 de #LaMidinale.<\/p>\n","protected":false},"author":1204,"featured_media":32516,"comment_status":"open","ping_status":"open","sticky":false,"template":"","format":"standard","meta":{"_themeisle_gutenberg_block_has_review":false,"footnotes":""},"categories":[238],"tags":[293],"class_list":["post-13772","post","type-post","status-publish","format-standard","has-post-thumbnail","hentry","category-la-midinale","tag-entretien"],"_links":{"self":[{"href":"https:\/\/archives.regards.fr\/index.php?rest_route=\/wp\/v2\/posts\/13772","targetHints":{"allow":["GET"]}}],"collection":[{"href":"https:\/\/archives.regards.fr\/index.php?rest_route=\/wp\/v2\/posts"}],"about":[{"href":"https:\/\/archives.regards.fr\/index.php?rest_route=\/wp\/v2\/types\/post"}],"author":[{"embeddable":true,"href":"https:\/\/archives.regards.fr\/index.php?rest_route=\/wp\/v2\/users\/1204"}],"replies":[{"embeddable":true,"href":"https:\/\/archives.regards.fr\/index.php?rest_route=%2Fwp%2Fv2%2Fcomments&post=13772"}],"version-history":[{"count":0,"href":"https:\/\/archives.regards.fr\/index.php?rest_route=\/wp\/v2\/posts\/13772\/revisions"}],"wp:featuredmedia":[{"embeddable":true,"href":"https:\/\/archives.regards.fr\/index.php?rest_route=\/wp\/v2\/media\/32516"}],"wp:attachment":[{"href":"https:\/\/archives.regards.fr\/index.php?rest_route=%2Fwp%2Fv2%2Fmedia&parent=13772"}],"wp:term":[{"taxonomy":"category","embeddable":true,"href":"https:\/\/archives.regards.fr\/index.php?rest_route=%2Fwp%2Fv2%2Fcategories&post=13772"},{"taxonomy":"post_tag","embeddable":true,"href":"https:\/\/archives.regards.fr\/index.php?rest_route=%2Fwp%2Fv2%2Ftags&post=13772"}],"curies":[{"name":"wp","href":"https:\/\/api.w.org\/{rel}","templated":true}]}}